{"id":10469,"date":"2025-03-05T20:08:00","date_gmt":"2025-03-05T23:08:00","guid":{"rendered":"https:\/\/www.coalco.cl\/web\/?p=10469"},"modified":"2025-04-29T21:03:18","modified_gmt":"2025-04-30T00:03:18","slug":"inicio-de-clases-2025","status":"publish","type":"post","link":"https:\/\/www.coalco.cl\/web\/inicio-de-clases-2025\/","title":{"rendered":"Inicio de clases 2025"},"content":{"rendered":"<style type=\"text\/css\"><\/style>\t\t<div data-elementor-type=\"wp-post\" data-elementor-id=\"10469\" class=\"elementor elementor-10469\">\n\t\t\t\t\t\t<section class=\"elementor-section elementor-top-section elementor-element elementor-element-7f1566f4 elementor-section-boxed elementor-section-height-default elementor-section-height-default\" data-id=\"7f1566f4\" data-element_type=\"section\" data-e-type=\"section\">\n\t\t\t\t\t\t<div class=\"elementor-container elementor-column-gap-default\">\n\t\t\t\t\t<div class=\"elementor-column elementor-col-100 elementor-top-column elementor-element elementor-element-39335ebc\" data-id=\"39335ebc\" data-element_type=\"column\" data-e-type=\"column\">\n\t\t\t<div class=\"elementor-widget-wrap elementor-element-populated\">\n\t\t\t\t\t\t<div class=\"elementor-element elementor-element-69258d7 elementor-widget elementor-widget-text-editor\" data-id=\"69258d7\" data-element_type=\"widget\" data-e-type=\"widget\" data-widget_type=\"text-editor.default\">\n\t\t\t\t<div class=\"elementor-widget-container\">\n\t\t\t\t\t\t\t\t\t\n<p>\u00a0<\/p>\n\n<p>\u00a0<\/p>\n\n<p>A nuestra estimada comunidad,<\/p>\n\n<p>Hoy saludamos y le damos la bienvenidas a los estudiantes que comienzan su a\u00f1o escolar. Les acompa\u00f1aremos como profesores y asistentes de la educaci\u00f3n en su aprendizaje. \u00a1Nuestro apoyo en este proceso!<\/p>\n\n<p>\u00a0<\/p>\n\t\t\t\t\t\t\t\t<\/div>\n\t\t\t\t<\/div>\n\t\t\t\t\t<\/div>\n\t\t<\/div>\n\t\t\t\t\t<\/div>\n\t\t<\/section>\n\t\t\t\t<section class=\"elementor-section elementor-top-section elementor-element elementor-element-fc3b5df elementor-section-boxed elementor-section-height-default elementor-section-height-default\" data-id=\"fc3b5df\" data-element_type=\"section\" data-e-type=\"section\">\n\t\t\t\t\t\t<div class=\"elementor-container elementor-column-gap-default\">\n\t\t\t\t\t<div class=\"elementor-column elementor-col-100 elementor-top-column elementor-element elementor-element-d4a7c80\" data-id=\"d4a7c80\" data-element_type=\"column\" data-e-type=\"column\">\n\t\t\t<div class=\"elementor-widget-wrap elementor-element-populated\">\n\t\t\t\t\t\t<div class=\"elementor-element elementor-element-6e4c89c elementor-arrows-position-inside elementor-pagination-position-outside elementor-widget elementor-widget-image-carousel\" data-id=\"6e4c89c\" data-element_type=\"widget\" data-e-type=\"widget\" data-settings=\"{&quot;slides_to_show&quot;:&quot;2&quot;,&quot;navigation&quot;:&quot;both&quot;,&quot;autoplay&quot;:&quot;yes&quot;,&quot;pause_on_hover&quot;:&quot;yes&quot;,&quot;pause_on_interaction&quot;:&quot;yes&quot;,&quot;autoplay_speed&quot;:5000,&quot;infinite&quot;:&quot;yes&quot;,&quot;speed&quot;:500}\" data-widget_type=\"image-carousel.default\">\n\t\t\t\t<div class=\"elementor-widget-container\">\n\t\t\t\t\t\t\t<div class=\"elementor-image-carousel-wrapper swiper\" role=\"region\" aria-roledescription=\"carousel\" aria-label=\"Carrusel de im\u00e1genes\" dir=\"ltr\">\n\t\t\t<div class=\"elementor-image-carousel swiper-wrapper swiper-image-stretch\" aria-live=\"off\">\n\t\t\t\t\t\t\t\t<div class=\"swiper-slide\" role=\"group\" aria-roledescription=\"slide\" aria-label=\"1 de 4\"><figure class=\"swiper-slide-inner\"><img decoding=\"async\" class=\"swiper-slide-image\" src=\"https:\/\/www.coalco.cl\/web\/wp-content\/uploads\/2025\/04\/483783012_1084821746787571_1884554610751588804_n-1024x681.jpg\" alt=\"483783012_1084821746787571_1884554610751588804_n\" \/><\/figure><\/div><div class=\"swiper-slide\" role=\"group\" aria-roledescription=\"slide\" aria-label=\"2 de 4\"><figure class=\"swiper-slide-inner\"><img decoding=\"async\" class=\"swiper-slide-image\" src=\"https:\/\/www.coalco.cl\/web\/wp-content\/uploads\/2025\/04\/484172959_1084821773454235_7763293831006905062_n-1024x681.jpg\" alt=\"484172959_1084821773454235_7763293831006905062_n\" \/><\/figure><\/div><div class=\"swiper-slide\" role=\"group\" aria-roledescription=\"slide\" aria-label=\"3 de 4\"><figure class=\"swiper-slide-inner\"><img decoding=\"async\" class=\"swiper-slide-image\" src=\"https:\/\/www.coalco.cl\/web\/wp-content\/uploads\/2025\/04\/482249495_1084821756787570_5765069900120685022_n-1024x681.jpg\" alt=\"482249495_1084821756787570_5765069900120685022_n\" \/><\/figure><\/div><div class=\"swiper-slide\" role=\"group\" aria-roledescription=\"slide\" aria-label=\"4 de 4\"><figure class=\"swiper-slide-inner\"><img decoding=\"async\" class=\"swiper-slide-image\" src=\"https:\/\/www.coalco.cl\/web\/wp-content\/uploads\/2023\/03\/482135435_1084118646857881_3545994605995665443_n-1024x681.jpg\" alt=\"482135435_1084118646857881_3545994605995665443_n\" \/><\/figure><\/div>\t\t\t<\/div>\n\t\t\t\t\t\t\t\t\t\t\t\t<div class=\"elementor-swiper-button elementor-swiper-button-prev\" role=\"button\" tabindex=\"0\">\n\t\t\t\t\t\t<i aria-hidden=\"true\" class=\"eicon-chevron-left\"><\/i>\t\t\t\t\t<\/div>\n\t\t\t\t\t<div class=\"elementor-swiper-button elementor-swiper-button-next\" role=\"button\" tabindex=\"0\">\n\t\t\t\t\t\t<i aria-hidden=\"true\" class=\"eicon-chevron-right\"><\/i>\t\t\t\t\t<\/div>\n\t\t\t\t\n\t\t\t\t\t\t\t\t\t<div class=\"swiper-pagination\"><\/div>\n\t\t\t\t\t\t\t\t\t<\/div>\n\t\t\t\t\t\t<\/div>\n\t\t\t\t<\/div>\n\t\t\t\t\t<\/div>\n\t\t<\/div>\n\t\t\t\t\t<\/div>\n\t\t<\/section>\n\t\t\t\t<\/div>\n\t\t","protected":false},"excerpt":{"rendered":"<p>Informaci\u00f3n sobre el inicio del per\u00edodo acad\u00e9mico 2025.<\/p>\n","protected":false},"author":1,"featured_media":10772,"comment_status":"closed","ping_status":"closed","sticky":false,"template":"","format":"standard","meta":{"footnotes":""},"categories":[61],"tags":[],"class_list":["post-10469","post","type-post","status-publish","format-standard","has-post-thumbnail","hentry","category-noticias"],"yoast_head":"<!-- This site is optimized with the Yoast SEO plugin v27.5 - https:\/\/yoast.com\/product\/yoast-seo-wordpress\/ -->\n<title>Inicio de clases 2025 - Colegio Alerce<\/title>\n<meta name=\"robots\" content=\"index, follow, max-snippet:-1, max-image-preview:large, max-video-preview:-1\" \/>\n<link rel=\"canonical\" href=\"https:\/\/www.coalco.cl\/web\/inicio-de-clases-2025\/\" \/>\n<meta property=\"og:locale\" content=\"es_ES\" \/>\n<meta property=\"og:type\" content=\"article\" \/>\n<meta property=\"og:title\" content=\"Inicio de clases 2025 - Colegio Alerce\" \/>\n<meta property=\"og:description\" content=\"Informaci\u00f3n sobre el inicio del per\u00edodo acad\u00e9mico 2025.\" \/>\n<meta property=\"og:url\" content=\"https:\/\/www.coalco.cl\/web\/inicio-de-clases-2025\/\" \/>\n<meta property=\"og:site_name\" content=\"Colegio Alerce\" \/>\n<meta property=\"article:published_time\" content=\"2025-03-05T23:08:00+00:00\" \/>\n<meta property=\"article:modified_time\" content=\"2025-04-30T00:03:18+00:00\" \/>\n<meta property=\"og:image\" content=\"https:\/\/www.coalco.cl\/web\/wp-content\/uploads\/2025\/04\/481448431_1080570433879369_729888364084802846_n.jpg\" \/>\n\t<meta property=\"og:image:width\" content=\"526\" \/>\n\t<meta property=\"og:image:height\" content=\"526\" \/>\n\t<meta property=\"og:image:type\" content=\"image\/jpeg\" \/>\n<meta name=\"twitter:card\" content=\"summary_large_image\" \/>\n<meta name=\"twitter:label1\" content=\"Escrito por\" \/>\n\t<meta name=\"twitter:data1\" content=\"\" \/>\n\t<meta name=\"twitter:label2\" content=\"Tiempo estimado de lectura\" \/>\n\t<meta name=\"twitter:data2\" content=\"1 minuto\" \/>\n<script type=\"application\/ld+json\" class=\"yoast-schema-graph\">{\"@context\":\"https:\\\/\\\/schema.org\",\"@graph\":[{\"@type\":\"Article\",\"@id\":\"https:\\\/\\\/www.coalco.cl\\\/web\\\/inicio-de-clases-2025\\\/#article\",\"isPartOf\":{\"@id\":\"https:\\\/\\\/www.coalco.cl\\\/web\\\/inicio-de-clases-2025\\\/\"},\"author\":{\"name\":\"\",\"@id\":\"\"},\"headline\":\"Inicio de clases 2025\",\"datePublished\":\"2025-03-05T23:08:00+00:00\",\"dateModified\":\"2025-04-30T00:03:18+00:00\",\"mainEntityOfPage\":{\"@id\":\"https:\\\/\\\/www.coalco.cl\\\/web\\\/inicio-de-clases-2025\\\/\"},\"wordCount\":44,\"publisher\":{\"@id\":\"https:\\\/\\\/www.coalco.cl\\\/web\\\/#organization\"},\"image\":{\"@id\":\"https:\\\/\\\/www.coalco.cl\\\/web\\\/inicio-de-clases-2025\\\/#primaryimage\"},\"thumbnailUrl\":\"https:\\\/\\\/www.coalco.cl\\\/web\\\/wp-content\\\/uploads\\\/2025\\\/04\\\/481448431_1080570433879369_729888364084802846_n.jpg\",\"articleSection\":[\"Noticias\"],\"inLanguage\":\"es-CL\"},{\"@type\":\"WebPage\",\"@id\":\"https:\\\/\\\/www.coalco.cl\\\/web\\\/inicio-de-clases-2025\\\/\",\"url\":\"https:\\\/\\\/www.coalco.cl\\\/web\\\/inicio-de-clases-2025\\\/\",\"name\":\"Inicio de clases 2025 - Colegio Alerce\",\"isPartOf\":{\"@id\":\"https:\\\/\\\/www.coalco.cl\\\/web\\\/#website\"},\"primaryImageOfPage\":{\"@id\":\"https:\\\/\\\/www.coalco.cl\\\/web\\\/inicio-de-clases-2025\\\/#primaryimage\"},\"image\":{\"@id\":\"https:\\\/\\\/www.coalco.cl\\\/web\\\/inicio-de-clases-2025\\\/#primaryimage\"},\"thumbnailUrl\":\"https:\\\/\\\/www.coalco.cl\\\/web\\\/wp-content\\\/uploads\\\/2025\\\/04\\\/481448431_1080570433879369_729888364084802846_n.jpg\",\"datePublished\":\"2025-03-05T23:08:00+00:00\",\"dateModified\":\"2025-04-30T00:03:18+00:00\",\"breadcrumb\":{\"@id\":\"https:\\\/\\\/www.coalco.cl\\\/web\\\/inicio-de-clases-2025\\\/#breadcrumb\"},\"inLanguage\":\"es-CL\",\"potentialAction\":[{\"@type\":\"ReadAction\",\"target\":[\"https:\\\/\\\/www.coalco.cl\\\/web\\\/inicio-de-clases-2025\\\/\"]}]},{\"@type\":\"ImageObject\",\"inLanguage\":\"es-CL\",\"@id\":\"https:\\\/\\\/www.coalco.cl\\\/web\\\/inicio-de-clases-2025\\\/#primaryimage\",\"url\":\"https:\\\/\\\/www.coalco.cl\\\/web\\\/wp-content\\\/uploads\\\/2025\\\/04\\\/481448431_1080570433879369_729888364084802846_n.jpg\",\"contentUrl\":\"https:\\\/\\\/www.coalco.cl\\\/web\\\/wp-content\\\/uploads\\\/2025\\\/04\\\/481448431_1080570433879369_729888364084802846_n.jpg\",\"width\":526,\"height\":526},{\"@type\":\"BreadcrumbList\",\"@id\":\"https:\\\/\\\/www.coalco.cl\\\/web\\\/inicio-de-clases-2025\\\/#breadcrumb\",\"itemListElement\":[{\"@type\":\"ListItem\",\"position\":1,\"name\":\"Home\",\"item\":\"https:\\\/\\\/www.coalco.cl\\\/web\\\/\"},{\"@type\":\"ListItem\",\"position\":2,\"name\":\"Inicio de clases 2025\"}]},{\"@type\":\"WebSite\",\"@id\":\"https:\\\/\\\/www.coalco.cl\\\/web\\\/#website\",\"url\":\"https:\\\/\\\/www.coalco.cl\\\/web\\\/\",\"name\":\"Colegio Alerce\",\"description\":\"\",\"publisher\":{\"@id\":\"https:\\\/\\\/www.coalco.cl\\\/web\\\/#organization\"},\"inLanguage\":\"es-CL\"},{\"@type\":\"Organization\",\"@id\":\"https:\\\/\\\/www.coalco.cl\\\/web\\\/#organization\",\"name\":\"Colegio Alerce\",\"url\":\"https:\\\/\\\/www.coalco.cl\\\/web\\\/\",\"logo\":{\"@type\":\"ImageObject\",\"inLanguage\":\"es-CL\",\"@id\":\"https:\\\/\\\/www.coalco.cl\\\/web\\\/#\\\/schema\\\/logo\\\/image\\\/\",\"url\":\"https:\\\/\\\/www.coalco.cl\\\/web\\\/wp-content\\\/uploads\\\/2025\\\/12\\\/cropped-cropped-cropped-RETINA.png\",\"contentUrl\":\"https:\\\/\\\/www.coalco.cl\\\/web\\\/wp-content\\\/uploads\\\/2025\\\/12\\\/cropped-cropped-cropped-RETINA.png\",\"width\":512,\"height\":512,\"caption\":\"Colegio Alerce\"},\"image\":{\"@id\":\"https:\\\/\\\/www.coalco.cl\\\/web\\\/#\\\/schema\\\/logo\\\/image\\\/\"}},{\"@type\":\"Person\",\"@id\":\"\",\"url\":\"https:\\\/\\\/www.coalco.cl\\\/web\\\/author\\\/\"}]}<\/script>\n<!-- \/ Yoast SEO plugin. -->","yoast_head_json":{"title":"Inicio de clases 2025 - Colegio Alerce","robots":{"index":"index","follow":"follow","max-snippet":"max-snippet:-1","max-image-preview":"max-image-preview:large","max-video-preview":"max-video-preview:-1"},"canonical":"https:\/\/www.coalco.cl\/web\/inicio-de-clases-2025\/","og_locale":"es_ES","og_type":"article","og_title":"Inicio de clases 2025 - Colegio Alerce","og_description":"Informaci\u00f3n sobre el inicio del per\u00edodo acad\u00e9mico 2025.","og_url":"https:\/\/www.coalco.cl\/web\/inicio-de-clases-2025\/","og_site_name":"Colegio Alerce","article_published_time":"2025-03-05T23:08:00+00:00","article_modified_time":"2025-04-30T00:03:18+00:00","og_image":[{"width":526,"height":526,"url":"https:\/\/www.coalco.cl\/web\/wp-content\/uploads\/2025\/04\/481448431_1080570433879369_729888364084802846_n.jpg","type":"image\/jpeg"}],"twitter_card":"summary_large_image","twitter_misc":{"Escrito por":"","Tiempo estimado de lectura":"1 minuto"},"schema":{"@context":"https:\/\/schema.org","@graph":[{"@type":"Article","@id":"https:\/\/www.coalco.cl\/web\/inicio-de-clases-2025\/#article","isPartOf":{"@id":"https:\/\/www.coalco.cl\/web\/inicio-de-clases-2025\/"},"author":{"name":"","@id":""},"headline":"Inicio de clases 2025","datePublished":"2025-03-05T23:08:00+00:00","dateModified":"2025-04-30T00:03:18+00:00","mainEntityOfPage":{"@id":"https:\/\/www.coalco.cl\/web\/inicio-de-clases-2025\/"},"wordCount":44,"publisher":{"@id":"https:\/\/www.coalco.cl\/web\/#organization"},"image":{"@id":"https:\/\/www.coalco.cl\/web\/inicio-de-clases-2025\/#primaryimage"},"thumbnailUrl":"https:\/\/www.coalco.cl\/web\/wp-content\/uploads\/2025\/04\/481448431_1080570433879369_729888364084802846_n.jpg","articleSection":["Noticias"],"inLanguage":"es-CL"},{"@type":"WebPage","@id":"https:\/\/www.coalco.cl\/web\/inicio-de-clases-2025\/","url":"https:\/\/www.coalco.cl\/web\/inicio-de-clases-2025\/","name":"Inicio de clases 2025 - Colegio Alerce","isPartOf":{"@id":"https:\/\/www.coalco.cl\/web\/#website"},"primaryImageOfPage":{"@id":"https:\/\/www.coalco.cl\/web\/inicio-de-clases-2025\/#primaryimage"},"image":{"@id":"https:\/\/www.coalco.cl\/web\/inicio-de-clases-2025\/#primaryimage"},"thumbnailUrl":"https:\/\/www.coalco.cl\/web\/wp-content\/uploads\/2025\/04\/481448431_1080570433879369_729888364084802846_n.jpg","datePublished":"2025-03-05T23:08:00+00:00","dateModified":"2025-04-30T00:03:18+00:00","breadcrumb":{"@id":"https:\/\/www.coalco.cl\/web\/inicio-de-clases-2025\/#breadcrumb"},"inLanguage":"es-CL","potentialAction":[{"@type":"ReadAction","target":["https:\/\/www.coalco.cl\/web\/inicio-de-clases-2025\/"]}]},{"@type":"ImageObject","inLanguage":"es-CL","@id":"https:\/\/www.coalco.cl\/web\/inicio-de-clases-2025\/#primaryimage","url":"https:\/\/www.coalco.cl\/web\/wp-content\/uploads\/2025\/04\/481448431_1080570433879369_729888364084802846_n.jpg","contentUrl":"https:\/\/www.coalco.cl\/web\/wp-content\/uploads\/2025\/04\/481448431_1080570433879369_729888364084802846_n.jpg","width":526,"height":526},{"@type":"BreadcrumbList","@id":"https:\/\/www.coalco.cl\/web\/inicio-de-clases-2025\/#breadcrumb","itemListElement":[{"@type":"ListItem","position":1,"name":"Home","item":"https:\/\/www.coalco.cl\/web\/"},{"@type":"ListItem","position":2,"name":"Inicio de clases 2025"}]},{"@type":"WebSite","@id":"https:\/\/www.coalco.cl\/web\/#website","url":"https:\/\/www.coalco.cl\/web\/","name":"Colegio Alerce","description":"","publisher":{"@id":"https:\/\/www.coalco.cl\/web\/#organization"},"inLanguage":"es-CL"},{"@type":"Organization","@id":"https:\/\/www.coalco.cl\/web\/#organization","name":"Colegio Alerce","url":"https:\/\/www.coalco.cl\/web\/","logo":{"@type":"ImageObject","inLanguage":"es-CL","@id":"https:\/\/www.coalco.cl\/web\/#\/schema\/logo\/image\/","url":"https:\/\/www.coalco.cl\/web\/wp-content\/uploads\/2025\/12\/cropped-cropped-cropped-RETINA.png","contentUrl":"https:\/\/www.coalco.cl\/web\/wp-content\/uploads\/2025\/12\/cropped-cropped-cropped-RETINA.png","width":512,"height":512,"caption":"Colegio Alerce"},"image":{"@id":"https:\/\/www.coalco.cl\/web\/#\/schema\/logo\/image\/"}},{"@type":"Person","@id":"","url":"https:\/\/www.coalco.cl\/web\/author\/"}]}},"_links":{"self":[{"href":"https:\/\/www.coalco.cl\/web\/wp-json\/wp\/v2\/posts\/10469","targetHints":{"allow":["GET"]}}],"collection":[{"href":"https:\/\/www.coalco.cl\/web\/wp-json\/wp\/v2\/posts"}],"about":[{"href":"https:\/\/www.coalco.cl\/web\/wp-json\/wp\/v2\/types\/post"}],"author":[{"embeddable":true,"href":"https:\/\/www.coalco.cl\/web\/wp-json\/wp\/v2\/users\/1"}],"replies":[{"embeddable":true,"href":"https:\/\/www.coalco.cl\/web\/wp-json\/wp\/v2\/comments?post=10469"}],"version-history":[{"count":18,"href":"https:\/\/www.coalco.cl\/web\/wp-json\/wp\/v2\/posts\/10469\/revisions"}],"predecessor-version":[{"id":10781,"href":"https:\/\/www.coalco.cl\/web\/wp-json\/wp\/v2\/posts\/10469\/revisions\/10781"}],"wp:featuredmedia":[{"embeddable":true,"href":"https:\/\/www.coalco.cl\/web\/wp-json\/wp\/v2\/media\/10772"}],"wp:attachment":[{"href":"https:\/\/www.coalco.cl\/web\/wp-json\/wp\/v2\/media?parent=10469"}],"wp:term":[{"taxonomy":"category","embeddable":true,"href":"https:\/\/www.coalco.cl\/web\/wp-json\/wp\/v2\/categories?post=10469"},{"taxonomy":"post_tag","embeddable":true,"href":"https:\/\/www.coalco.cl\/web\/wp-json\/wp\/v2\/tags?post=10469"}],"curies":[{"name":"wp","href":"https:\/\/api.w.org\/{rel}","templated":true}]}}