{"id":10594,"date":"2025-04-21T13:49:00","date_gmt":"2025-04-21T16:49:00","guid":{"rendered":"https:\/\/www.coalco.cl\/web\/?p=10594"},"modified":"2025-04-29T22:34:36","modified_gmt":"2025-04-30T01:34:36","slug":"salida-pedagogica","status":"publish","type":"post","link":"https:\/\/www.coalco.cl\/web\/salida-pedagogica\/","title":{"rendered":"salida pedag\u00f3gica"},"content":{"rendered":"<style type=\"text\/css\"><\/style>\t\t<div data-elementor-type=\"wp-post\" data-elementor-id=\"10594\" class=\"elementor elementor-10594\">\n\t\t\t\t\t\t<section class=\"elementor-section elementor-top-section elementor-element elementor-element-7f1566f4 elementor-section-boxed elementor-section-height-default elementor-section-height-default\" data-id=\"7f1566f4\" data-element_type=\"section\" data-e-type=\"section\">\n\t\t\t\t\t\t<div class=\"elementor-container elementor-column-gap-default\">\n\t\t\t\t\t<div class=\"elementor-column elementor-col-100 elementor-top-column elementor-element elementor-element-39335ebc\" data-id=\"39335ebc\" data-element_type=\"column\" data-e-type=\"column\">\n\t\t\t<div class=\"elementor-widget-wrap elementor-element-populated\">\n\t\t\t\t\t\t<div class=\"elementor-element elementor-element-69258d7 elementor-widget elementor-widget-text-editor\" data-id=\"69258d7\" data-element_type=\"widget\" data-e-type=\"widget\" data-widget_type=\"text-editor.default\">\n\t\t\t\t<div class=\"elementor-widget-container\">\n\t\t\t\t\t\t\t\t\t<div class=\"xdj266r x11i5rnm xat24cr x1mh8g0r x1vvkbs\">\n<div dir=\"auto\">El objetivo:<\/div>\n<\/div>\n<div class=\"x11i5rnm xat24cr x1mh8g0r x1vvkbs xtlvy1s\">\n<div dir=\"auto\">Reflexionar personal y grupalmente sobre diversas formas de participaci\u00f3n y su aporte al fortalecimiento del bien com\u00fan, considerando experiencias personales, fen\u00f3menos sociales contempor\u00e1neos.<\/div>\n<div dir=\"auto\">Objetivo de la Salida Pedag\u00f3gica<\/div>\n<div dir=\"auto\">Conocer la organizaci\u00f3n del territorio local en el \u00e1mbito sociocultural y ambiental y su impacto en su comunidad.<\/div>\n<div dir=\"auto\">\u00a0<\/div>\n<div dir=\"auto\">La salida pedag\u00f3gica se dividi\u00f3 en tres partes, la primera de ellas corresponder\u00e1 a la visita guiada a la mina del Chifl\u00f3n del Diablo, la segunda parte corresponder\u00e1 la visita del pueblito minero para culminar con la visita al parque Cousi\u00f1o.<\/div>\n<\/div>\n<div dir=\"auto\">\u00a0<\/div>\t\t\t\t\t\t\t\t<\/div>\n\t\t\t\t<\/div>\n\t\t\t\t\t<\/div>\n\t\t<\/div>\n\t\t\t\t\t<\/div>\n\t\t<\/section>\n\t\t\t\t<\/div>\n\t\t","protected":false},"excerpt":{"rendered":"<p>Enmarcado en el fomento a la lectura, dict\u00f3 una unidad educativa a estudiantes sobre este popular personaje.<\/p>\n","protected":false},"author":1,"featured_media":10807,"comment_status":"closed","ping_status":"closed","sticky":false,"template":"","format":"standard","meta":{"footnotes":""},"categories":[61],"tags":[],"class_list":["post-10594","post","type-post","status-publish","format-standard","has-post-thumbnail","hentry","category-noticias"],"yoast_head":"<!-- This site is optimized with the Yoast SEO plugin v27.5 - https:\/\/yoast.com\/product\/yoast-seo-wordpress\/ -->\n<title>salida pedag\u00f3gica - Colegio Alerce<\/title>\n<meta name=\"robots\" content=\"index, follow, max-snippet:-1, max-image-preview:large, max-video-preview:-1\" \/>\n<link rel=\"canonical\" href=\"https:\/\/www.coalco.cl\/web\/salida-pedagogica\/\" \/>\n<meta property=\"og:locale\" content=\"es_ES\" \/>\n<meta property=\"og:type\" content=\"article\" \/>\n<meta property=\"og:title\" content=\"salida pedag\u00f3gica - Colegio Alerce\" \/>\n<meta property=\"og:description\" content=\"Enmarcado en el fomento a la lectura, dict\u00f3 una unidad educativa a estudiantes sobre este popular personaje.\" \/>\n<meta property=\"og:url\" content=\"https:\/\/www.coalco.cl\/web\/salida-pedagogica\/\" \/>\n<meta property=\"og:site_name\" content=\"Colegio Alerce\" \/>\n<meta property=\"article:published_time\" content=\"2025-04-21T16:49:00+00:00\" \/>\n<meta property=\"article:modified_time\" content=\"2025-04-30T01:34:36+00:00\" \/>\n<meta property=\"og:image\" content=\"https:\/\/www.coalco.cl\/web\/wp-content\/uploads\/2023\/05\/491966833_1115013610435051_6520117804447047672_n.jpg\" \/>\n\t<meta property=\"og:image:width\" content=\"1600\" \/>\n\t<meta property=\"og:image:height\" content=\"1200\" \/>\n\t<meta property=\"og:image:type\" content=\"image\/jpeg\" \/>\n<meta name=\"twitter:card\" content=\"summary_large_image\" \/>\n<meta name=\"twitter:label1\" content=\"Escrito por\" \/>\n\t<meta name=\"twitter:data1\" content=\"\" \/>\n\t<meta name=\"twitter:label2\" content=\"Tiempo estimado de lectura\" \/>\n\t<meta name=\"twitter:data2\" content=\"1 minuto\" \/>\n<script type=\"application\/ld+json\" class=\"yoast-schema-graph\">{\"@context\":\"https:\\\/\\\/schema.org\",\"@graph\":[{\"@type\":\"Article\",\"@id\":\"https:\\\/\\\/www.coalco.cl\\\/web\\\/salida-pedagogica\\\/#article\",\"isPartOf\":{\"@id\":\"https:\\\/\\\/www.coalco.cl\\\/web\\\/salida-pedagogica\\\/\"},\"author\":{\"name\":\"\",\"@id\":\"\"},\"headline\":\"salida pedag\u00f3gica\",\"datePublished\":\"2025-04-21T16:49:00+00:00\",\"dateModified\":\"2025-04-30T01:34:36+00:00\",\"mainEntityOfPage\":{\"@id\":\"https:\\\/\\\/www.coalco.cl\\\/web\\\/salida-pedagogica\\\/\"},\"wordCount\":101,\"publisher\":{\"@id\":\"https:\\\/\\\/www.coalco.cl\\\/web\\\/#organization\"},\"image\":{\"@id\":\"https:\\\/\\\/www.coalco.cl\\\/web\\\/salida-pedagogica\\\/#primaryimage\"},\"thumbnailUrl\":\"https:\\\/\\\/www.coalco.cl\\\/web\\\/wp-content\\\/uploads\\\/2023\\\/05\\\/491966833_1115013610435051_6520117804447047672_n.jpg\",\"articleSection\":[\"Noticias\"],\"inLanguage\":\"es-CL\"},{\"@type\":\"WebPage\",\"@id\":\"https:\\\/\\\/www.coalco.cl\\\/web\\\/salida-pedagogica\\\/\",\"url\":\"https:\\\/\\\/www.coalco.cl\\\/web\\\/salida-pedagogica\\\/\",\"name\":\"salida pedag\u00f3gica - Colegio Alerce\",\"isPartOf\":{\"@id\":\"https:\\\/\\\/www.coalco.cl\\\/web\\\/#website\"},\"primaryImageOfPage\":{\"@id\":\"https:\\\/\\\/www.coalco.cl\\\/web\\\/salida-pedagogica\\\/#primaryimage\"},\"image\":{\"@id\":\"https:\\\/\\\/www.coalco.cl\\\/web\\\/salida-pedagogica\\\/#primaryimage\"},\"thumbnailUrl\":\"https:\\\/\\\/www.coalco.cl\\\/web\\\/wp-content\\\/uploads\\\/2023\\\/05\\\/491966833_1115013610435051_6520117804447047672_n.jpg\",\"datePublished\":\"2025-04-21T16:49:00+00:00\",\"dateModified\":\"2025-04-30T01:34:36+00:00\",\"breadcrumb\":{\"@id\":\"https:\\\/\\\/www.coalco.cl\\\/web\\\/salida-pedagogica\\\/#breadcrumb\"},\"inLanguage\":\"es-CL\",\"potentialAction\":[{\"@type\":\"ReadAction\",\"target\":[\"https:\\\/\\\/www.coalco.cl\\\/web\\\/salida-pedagogica\\\/\"]}]},{\"@type\":\"ImageObject\",\"inLanguage\":\"es-CL\",\"@id\":\"https:\\\/\\\/www.coalco.cl\\\/web\\\/salida-pedagogica\\\/#primaryimage\",\"url\":\"https:\\\/\\\/www.coalco.cl\\\/web\\\/wp-content\\\/uploads\\\/2023\\\/05\\\/491966833_1115013610435051_6520117804447047672_n.jpg\",\"contentUrl\":\"https:\\\/\\\/www.coalco.cl\\\/web\\\/wp-content\\\/uploads\\\/2023\\\/05\\\/491966833_1115013610435051_6520117804447047672_n.jpg\",\"width\":1600,\"height\":1200},{\"@type\":\"BreadcrumbList\",\"@id\":\"https:\\\/\\\/www.coalco.cl\\\/web\\\/salida-pedagogica\\\/#breadcrumb\",\"itemListElement\":[{\"@type\":\"ListItem\",\"position\":1,\"name\":\"Home\",\"item\":\"https:\\\/\\\/www.coalco.cl\\\/web\\\/\"},{\"@type\":\"ListItem\",\"position\":2,\"name\":\"salida pedag\u00f3gica\"}]},{\"@type\":\"WebSite\",\"@id\":\"https:\\\/\\\/www.coalco.cl\\\/web\\\/#website\",\"url\":\"https:\\\/\\\/www.coalco.cl\\\/web\\\/\",\"name\":\"Colegio Alerce\",\"description\":\"\",\"publisher\":{\"@id\":\"https:\\\/\\\/www.coalco.cl\\\/web\\\/#organization\"},\"inLanguage\":\"es-CL\"},{\"@type\":\"Organization\",\"@id\":\"https:\\\/\\\/www.coalco.cl\\\/web\\\/#organization\",\"name\":\"Colegio Alerce\",\"url\":\"https:\\\/\\\/www.coalco.cl\\\/web\\\/\",\"logo\":{\"@type\":\"ImageObject\",\"inLanguage\":\"es-CL\",\"@id\":\"https:\\\/\\\/www.coalco.cl\\\/web\\\/#\\\/schema\\\/logo\\\/image\\\/\",\"url\":\"https:\\\/\\\/www.coalco.cl\\\/web\\\/wp-content\\\/uploads\\\/2025\\\/12\\\/cropped-cropped-cropped-RETINA.png\",\"contentUrl\":\"https:\\\/\\\/www.coalco.cl\\\/web\\\/wp-content\\\/uploads\\\/2025\\\/12\\\/cropped-cropped-cropped-RETINA.png\",\"width\":512,\"height\":512,\"caption\":\"Colegio Alerce\"},\"image\":{\"@id\":\"https:\\\/\\\/www.coalco.cl\\\/web\\\/#\\\/schema\\\/logo\\\/image\\\/\"}},{\"@type\":\"Person\",\"@id\":\"\",\"url\":\"https:\\\/\\\/www.coalco.cl\\\/web\\\/author\\\/\"}]}<\/script>\n<!-- \/ Yoast SEO plugin. -->","yoast_head_json":{"title":"salida pedag\u00f3gica - Colegio Alerce","robots":{"index":"index","follow":"follow","max-snippet":"max-snippet:-1","max-image-preview":"max-image-preview:large","max-video-preview":"max-video-preview:-1"},"canonical":"https:\/\/www.coalco.cl\/web\/salida-pedagogica\/","og_locale":"es_ES","og_type":"article","og_title":"salida pedag\u00f3gica - Colegio Alerce","og_description":"Enmarcado en el fomento a la lectura, dict\u00f3 una unidad educativa a estudiantes sobre este popular personaje.","og_url":"https:\/\/www.coalco.cl\/web\/salida-pedagogica\/","og_site_name":"Colegio Alerce","article_published_time":"2025-04-21T16:49:00+00:00","article_modified_time":"2025-04-30T01:34:36+00:00","og_image":[{"width":1600,"height":1200,"url":"https:\/\/www.coalco.cl\/web\/wp-content\/uploads\/2023\/05\/491966833_1115013610435051_6520117804447047672_n.jpg","type":"image\/jpeg"}],"twitter_card":"summary_large_image","twitter_misc":{"Escrito por":"","Tiempo estimado de lectura":"1 minuto"},"schema":{"@context":"https:\/\/schema.org","@graph":[{"@type":"Article","@id":"https:\/\/www.coalco.cl\/web\/salida-pedagogica\/#article","isPartOf":{"@id":"https:\/\/www.coalco.cl\/web\/salida-pedagogica\/"},"author":{"name":"","@id":""},"headline":"salida pedag\u00f3gica","datePublished":"2025-04-21T16:49:00+00:00","dateModified":"2025-04-30T01:34:36+00:00","mainEntityOfPage":{"@id":"https:\/\/www.coalco.cl\/web\/salida-pedagogica\/"},"wordCount":101,"publisher":{"@id":"https:\/\/www.coalco.cl\/web\/#organization"},"image":{"@id":"https:\/\/www.coalco.cl\/web\/salida-pedagogica\/#primaryimage"},"thumbnailUrl":"https:\/\/www.coalco.cl\/web\/wp-content\/uploads\/2023\/05\/491966833_1115013610435051_6520117804447047672_n.jpg","articleSection":["Noticias"],"inLanguage":"es-CL"},{"@type":"WebPage","@id":"https:\/\/www.coalco.cl\/web\/salida-pedagogica\/","url":"https:\/\/www.coalco.cl\/web\/salida-pedagogica\/","name":"salida pedag\u00f3gica - Colegio Alerce","isPartOf":{"@id":"https:\/\/www.coalco.cl\/web\/#website"},"primaryImageOfPage":{"@id":"https:\/\/www.coalco.cl\/web\/salida-pedagogica\/#primaryimage"},"image":{"@id":"https:\/\/www.coalco.cl\/web\/salida-pedagogica\/#primaryimage"},"thumbnailUrl":"https:\/\/www.coalco.cl\/web\/wp-content\/uploads\/2023\/05\/491966833_1115013610435051_6520117804447047672_n.jpg","datePublished":"2025-04-21T16:49:00+00:00","dateModified":"2025-04-30T01:34:36+00:00","breadcrumb":{"@id":"https:\/\/www.coalco.cl\/web\/salida-pedagogica\/#breadcrumb"},"inLanguage":"es-CL","potentialAction":[{"@type":"ReadAction","target":["https:\/\/www.coalco.cl\/web\/salida-pedagogica\/"]}]},{"@type":"ImageObject","inLanguage":"es-CL","@id":"https:\/\/www.coalco.cl\/web\/salida-pedagogica\/#primaryimage","url":"https:\/\/www.coalco.cl\/web\/wp-content\/uploads\/2023\/05\/491966833_1115013610435051_6520117804447047672_n.jpg","contentUrl":"https:\/\/www.coalco.cl\/web\/wp-content\/uploads\/2023\/05\/491966833_1115013610435051_6520117804447047672_n.jpg","width":1600,"height":1200},{"@type":"BreadcrumbList","@id":"https:\/\/www.coalco.cl\/web\/salida-pedagogica\/#breadcrumb","itemListElement":[{"@type":"ListItem","position":1,"name":"Home","item":"https:\/\/www.coalco.cl\/web\/"},{"@type":"ListItem","position":2,"name":"salida pedag\u00f3gica"}]},{"@type":"WebSite","@id":"https:\/\/www.coalco.cl\/web\/#website","url":"https:\/\/www.coalco.cl\/web\/","name":"Colegio Alerce","description":"","publisher":{"@id":"https:\/\/www.coalco.cl\/web\/#organization"},"inLanguage":"es-CL"},{"@type":"Organization","@id":"https:\/\/www.coalco.cl\/web\/#organization","name":"Colegio Alerce","url":"https:\/\/www.coalco.cl\/web\/","logo":{"@type":"ImageObject","inLanguage":"es-CL","@id":"https:\/\/www.coalco.cl\/web\/#\/schema\/logo\/image\/","url":"https:\/\/www.coalco.cl\/web\/wp-content\/uploads\/2025\/12\/cropped-cropped-cropped-RETINA.png","contentUrl":"https:\/\/www.coalco.cl\/web\/wp-content\/uploads\/2025\/12\/cropped-cropped-cropped-RETINA.png","width":512,"height":512,"caption":"Colegio Alerce"},"image":{"@id":"https:\/\/www.coalco.cl\/web\/#\/schema\/logo\/image\/"}},{"@type":"Person","@id":"","url":"https:\/\/www.coalco.cl\/web\/author\/"}]}},"_links":{"self":[{"href":"https:\/\/www.coalco.cl\/web\/wp-json\/wp\/v2\/posts\/10594","targetHints":{"allow":["GET"]}}],"collection":[{"href":"https:\/\/www.coalco.cl\/web\/wp-json\/wp\/v2\/posts"}],"about":[{"href":"https:\/\/www.coalco.cl\/web\/wp-json\/wp\/v2\/types\/post"}],"author":[{"embeddable":true,"href":"https:\/\/www.coalco.cl\/web\/wp-json\/wp\/v2\/users\/1"}],"replies":[{"embeddable":true,"href":"https:\/\/www.coalco.cl\/web\/wp-json\/wp\/v2\/comments?post=10594"}],"version-history":[{"count":11,"href":"https:\/\/www.coalco.cl\/web\/wp-json\/wp\/v2\/posts\/10594\/revisions"}],"predecessor-version":[{"id":10813,"href":"https:\/\/www.coalco.cl\/web\/wp-json\/wp\/v2\/posts\/10594\/revisions\/10813"}],"wp:featuredmedia":[{"embeddable":true,"href":"https:\/\/www.coalco.cl\/web\/wp-json\/wp\/v2\/media\/10807"}],"wp:attachment":[{"href":"https:\/\/www.coalco.cl\/web\/wp-json\/wp\/v2\/media?parent=10594"}],"wp:term":[{"taxonomy":"category","embeddable":true,"href":"https:\/\/www.coalco.cl\/web\/wp-json\/wp\/v2\/categories?post=10594"},{"taxonomy":"post_tag","embeddable":true,"href":"https:\/\/www.coalco.cl\/web\/wp-json\/wp\/v2\/tags?post=10594"}],"curies":[{"name":"wp","href":"https:\/\/api.w.org\/{rel}","templated":true}]}}