{"id":10615,"date":"2025-04-02T15:39:00","date_gmt":"2025-04-02T18:39:00","guid":{"rendered":"https:\/\/www.coalco.cl\/web\/?p=10615"},"modified":"2025-04-29T21:56:04","modified_gmt":"2025-04-30T00:56:04","slug":"ceremonia-inauguracion-redcol","status":"publish","type":"post","link":"https:\/\/www.coalco.cl\/web\/ceremonia-inauguracion-redcol\/","title":{"rendered":"ceremonia inauguraci\u00f3n redcol"},"content":{"rendered":"<style type=\"text\/css\"><\/style>\t\t<div data-elementor-type=\"wp-post\" data-elementor-id=\"10615\" class=\"elementor elementor-10615\">\n\t\t\t\t\t\t<section class=\"elementor-section elementor-top-section elementor-element elementor-element-7f1566f4 elementor-section-boxed elementor-section-height-default elementor-section-height-default\" data-id=\"7f1566f4\" data-element_type=\"section\" data-e-type=\"section\">\n\t\t\t\t\t\t<div class=\"elementor-container elementor-column-gap-default\">\n\t\t\t\t\t<div class=\"elementor-column elementor-col-100 elementor-top-column elementor-element elementor-element-39335ebc\" data-id=\"39335ebc\" data-element_type=\"column\" data-e-type=\"column\">\n\t\t\t<div class=\"elementor-widget-wrap\">\n\t\t\t\t\t\t\t<\/div>\n\t\t<\/div>\n\t\t\t\t\t<\/div>\n\t\t<\/section>\n\t\t\t\t<section class=\"elementor-section elementor-top-section elementor-element elementor-element-f145944 elementor-section-boxed elementor-section-height-default elementor-section-height-default\" data-id=\"f145944\" data-element_type=\"section\" data-e-type=\"section\">\n\t\t\t\t\t\t<div class=\"elementor-container elementor-column-gap-default\">\n\t\t\t\t\t<div class=\"elementor-column elementor-col-50 elementor-top-column elementor-element elementor-element-adc4061\" data-id=\"adc4061\" data-element_type=\"column\" data-e-type=\"column\">\n\t\t\t<div class=\"elementor-widget-wrap elementor-element-populated\">\n\t\t\t\t\t\t<div class=\"elementor-element elementor-element-bbe345f elementor-widget elementor-widget-image\" data-id=\"bbe345f\" data-element_type=\"widget\" data-e-type=\"widget\" data-widget_type=\"image.default\">\n\t\t\t\t<div class=\"elementor-widget-container\">\n\t\t\t\t\t\t\t\t\t\t\t\t\t\t\t<img fetchpriority=\"high\" decoding=\"async\" width=\"804\" height=\"892\" src=\"https:\/\/www.coalco.cl\/web\/wp-content\/uploads\/2025\/04\/487826467_1100926658510413_9128945492817325918_n.jpg\" class=\"attachment-large size-large wp-image-10794\" alt=\"\" srcset=\"https:\/\/www.coalco.cl\/web\/wp-content\/uploads\/2025\/04\/487826467_1100926658510413_9128945492817325918_n.jpg 804w, https:\/\/www.coalco.cl\/web\/wp-content\/uploads\/2025\/04\/487826467_1100926658510413_9128945492817325918_n-270x300.jpg 270w, https:\/\/www.coalco.cl\/web\/wp-content\/uploads\/2025\/04\/487826467_1100926658510413_9128945492817325918_n-768x852.jpg 768w, https:\/\/www.coalco.cl\/web\/wp-content\/uploads\/2025\/04\/487826467_1100926658510413_9128945492817325918_n-580x643.jpg 580w\" sizes=\"(max-width: 804px) 100vw, 804px\" \/>\t\t\t\t\t\t\t\t\t\t\t\t\t\t\t<\/div>\n\t\t\t\t<\/div>\n\t\t\t\t\t<\/div>\n\t\t<\/div>\n\t\t\t\t<div class=\"elementor-column elementor-col-50 elementor-top-column elementor-element elementor-element-bd42050\" data-id=\"bd42050\" data-element_type=\"column\" data-e-type=\"column\">\n\t\t\t<div class=\"elementor-widget-wrap elementor-element-populated\">\n\t\t\t\t\t\t<div class=\"elementor-element elementor-element-69258d7 elementor-widget elementor-widget-text-editor\" data-id=\"69258d7\" data-element_type=\"widget\" data-e-type=\"widget\" data-widget_type=\"text-editor.default\">\n\t\t\t\t<div class=\"elementor-widget-container\">\n\t\t\t\t\t\t\t\t\t<p>El Gobernador del Bio Bio, Don Sergio Giacaman Garc\u00eda, presidi\u00f3 la ceremonia de inauguraci\u00f3n del A\u00f1o escolar de los Colegios Particulares Subvencionados (RedCol). Los estudiantes del Colegio Alerce estuvieron a cargo del n\u00famero musical.<\/p>\n<div class=\"xdj266r x11i5rnm xat24cr x1mh8g0r x1vvkbs\">\n<div dir=\"auto\">REDCOL Biob\u00edo est\u00e1 formada por establecimientos educacionales laicos de prolongada trayectoria en la regi\u00f3n que han demostrado un est\u00e1ndar de calidad en su quehacer.<\/div>\n<\/div>\n<div class=\"x11i5rnm xat24cr x1mh8g0r x1vvkbs xtlvy1s\">\n<div dir=\"auto\">Nace en 2006 con el fin de difundir los procesos pedag\u00f3gicos de calidad entre sus miembros, potenci\u00e1ndose mutuamente, de tal manera, de aportar efectivamente a que los ni\u00f1os y ni\u00f1as que educamos reciban una formaci\u00f3n de excelencia y calidad.<\/div>\n<\/div>\n<div class=\"x11i5rnm xat24cr x1mh8g0r x1vvkbs xtlvy1s\">\n<div dir=\"auto\">Nuestro Colegio Alerce es miembro de esta importante red de Colegios.<\/div>\n<\/div>\t\t\t\t\t\t\t\t<\/div>\n\t\t\t\t<\/div>\n\t\t\t\t\t<\/div>\n\t\t<\/div>\n\t\t\t\t\t<\/div>\n\t\t<\/section>\n\t\t\t\t<\/div>\n\t\t","protected":false},"excerpt":{"rendered":"<p>Con apoyo de su profesora, ellos aprenden creando.<\/p>\n","protected":false},"author":1,"featured_media":10792,"comment_status":"closed","ping_status":"closed","sticky":false,"template":"","format":"standard","meta":{"footnotes":""},"categories":[61],"tags":[],"class_list":["post-10615","post","type-post","status-publish","format-standard","has-post-thumbnail","hentry","category-noticias"],"yoast_head":"<!-- This site is optimized with the Yoast SEO plugin v27.5 - https:\/\/yoast.com\/product\/yoast-seo-wordpress\/ -->\n<title>ceremonia inauguraci\u00f3n redcol - Colegio Alerce<\/title>\n<meta name=\"robots\" content=\"index, follow, max-snippet:-1, max-image-preview:large, max-video-preview:-1\" \/>\n<link rel=\"canonical\" href=\"https:\/\/www.coalco.cl\/web\/ceremonia-inauguracion-redcol\/\" \/>\n<meta property=\"og:locale\" content=\"es_ES\" \/>\n<meta property=\"og:type\" content=\"article\" \/>\n<meta property=\"og:title\" content=\"ceremonia inauguraci\u00f3n redcol - Colegio Alerce\" \/>\n<meta property=\"og:description\" content=\"Con apoyo de su profesora, ellos aprenden creando.\" \/>\n<meta property=\"og:url\" content=\"https:\/\/www.coalco.cl\/web\/ceremonia-inauguracion-redcol\/\" \/>\n<meta property=\"og:site_name\" content=\"Colegio Alerce\" \/>\n<meta property=\"article:published_time\" content=\"2025-04-02T18:39:00+00:00\" \/>\n<meta property=\"article:modified_time\" content=\"2025-04-30T00:56:04+00:00\" \/>\n<meta property=\"og:image\" content=\"https:\/\/www.coalco.cl\/web\/wp-content\/uploads\/2023\/06\/487824089_1100926718510407_752855309965055896_n.jpg\" \/>\n\t<meta property=\"og:image:width\" content=\"837\" \/>\n\t<meta property=\"og:image:height\" content=\"659\" \/>\n\t<meta property=\"og:image:type\" content=\"image\/jpeg\" \/>\n<meta name=\"twitter:card\" content=\"summary_large_image\" \/>\n<meta name=\"twitter:label1\" content=\"Escrito por\" \/>\n\t<meta name=\"twitter:data1\" content=\"\" \/>\n\t<meta name=\"twitter:label2\" content=\"Tiempo estimado de lectura\" \/>\n\t<meta name=\"twitter:data2\" content=\"1 minuto\" \/>\n<script type=\"application\/ld+json\" class=\"yoast-schema-graph\">{\"@context\":\"https:\\\/\\\/schema.org\",\"@graph\":[{\"@type\":\"Article\",\"@id\":\"https:\\\/\\\/www.coalco.cl\\\/web\\\/ceremonia-inauguracion-redcol\\\/#article\",\"isPartOf\":{\"@id\":\"https:\\\/\\\/www.coalco.cl\\\/web\\\/ceremonia-inauguracion-redcol\\\/\"},\"author\":{\"name\":\"\",\"@id\":\"\"},\"headline\":\"ceremonia inauguraci\u00f3n redcol\",\"datePublished\":\"2025-04-02T18:39:00+00:00\",\"dateModified\":\"2025-04-30T00:56:04+00:00\",\"mainEntityOfPage\":{\"@id\":\"https:\\\/\\\/www.coalco.cl\\\/web\\\/ceremonia-inauguracion-redcol\\\/\"},\"wordCount\":123,\"publisher\":{\"@id\":\"https:\\\/\\\/www.coalco.cl\\\/web\\\/#organization\"},\"image\":{\"@id\":\"https:\\\/\\\/www.coalco.cl\\\/web\\\/ceremonia-inauguracion-redcol\\\/#primaryimage\"},\"thumbnailUrl\":\"https:\\\/\\\/www.coalco.cl\\\/web\\\/wp-content\\\/uploads\\\/2023\\\/06\\\/487824089_1100926718510407_752855309965055896_n.jpg\",\"articleSection\":[\"Noticias\"],\"inLanguage\":\"es-CL\"},{\"@type\":\"WebPage\",\"@id\":\"https:\\\/\\\/www.coalco.cl\\\/web\\\/ceremonia-inauguracion-redcol\\\/\",\"url\":\"https:\\\/\\\/www.coalco.cl\\\/web\\\/ceremonia-inauguracion-redcol\\\/\",\"name\":\"ceremonia inauguraci\u00f3n redcol - Colegio Alerce\",\"isPartOf\":{\"@id\":\"https:\\\/\\\/www.coalco.cl\\\/web\\\/#website\"},\"primaryImageOfPage\":{\"@id\":\"https:\\\/\\\/www.coalco.cl\\\/web\\\/ceremonia-inauguracion-redcol\\\/#primaryimage\"},\"image\":{\"@id\":\"https:\\\/\\\/www.coalco.cl\\\/web\\\/ceremonia-inauguracion-redcol\\\/#primaryimage\"},\"thumbnailUrl\":\"https:\\\/\\\/www.coalco.cl\\\/web\\\/wp-content\\\/uploads\\\/2023\\\/06\\\/487824089_1100926718510407_752855309965055896_n.jpg\",\"datePublished\":\"2025-04-02T18:39:00+00:00\",\"dateModified\":\"2025-04-30T00:56:04+00:00\",\"breadcrumb\":{\"@id\":\"https:\\\/\\\/www.coalco.cl\\\/web\\\/ceremonia-inauguracion-redcol\\\/#breadcrumb\"},\"inLanguage\":\"es-CL\",\"potentialAction\":[{\"@type\":\"ReadAction\",\"target\":[\"https:\\\/\\\/www.coalco.cl\\\/web\\\/ceremonia-inauguracion-redcol\\\/\"]}]},{\"@type\":\"ImageObject\",\"inLanguage\":\"es-CL\",\"@id\":\"https:\\\/\\\/www.coalco.cl\\\/web\\\/ceremonia-inauguracion-redcol\\\/#primaryimage\",\"url\":\"https:\\\/\\\/www.coalco.cl\\\/web\\\/wp-content\\\/uploads\\\/2023\\\/06\\\/487824089_1100926718510407_752855309965055896_n.jpg\",\"contentUrl\":\"https:\\\/\\\/www.coalco.cl\\\/web\\\/wp-content\\\/uploads\\\/2023\\\/06\\\/487824089_1100926718510407_752855309965055896_n.jpg\",\"width\":837,\"height\":659},{\"@type\":\"BreadcrumbList\",\"@id\":\"https:\\\/\\\/www.coalco.cl\\\/web\\\/ceremonia-inauguracion-redcol\\\/#breadcrumb\",\"itemListElement\":[{\"@type\":\"ListItem\",\"position\":1,\"name\":\"Home\",\"item\":\"https:\\\/\\\/www.coalco.cl\\\/web\\\/\"},{\"@type\":\"ListItem\",\"position\":2,\"name\":\"ceremonia inauguraci\u00f3n redcol\"}]},{\"@type\":\"WebSite\",\"@id\":\"https:\\\/\\\/www.coalco.cl\\\/web\\\/#website\",\"url\":\"https:\\\/\\\/www.coalco.cl\\\/web\\\/\",\"name\":\"Colegio Alerce\",\"description\":\"\",\"publisher\":{\"@id\":\"https:\\\/\\\/www.coalco.cl\\\/web\\\/#organization\"},\"inLanguage\":\"es-CL\"},{\"@type\":\"Organization\",\"@id\":\"https:\\\/\\\/www.coalco.cl\\\/web\\\/#organization\",\"name\":\"Colegio Alerce\",\"url\":\"https:\\\/\\\/www.coalco.cl\\\/web\\\/\",\"logo\":{\"@type\":\"ImageObject\",\"inLanguage\":\"es-CL\",\"@id\":\"https:\\\/\\\/www.coalco.cl\\\/web\\\/#\\\/schema\\\/logo\\\/image\\\/\",\"url\":\"https:\\\/\\\/www.coalco.cl\\\/web\\\/wp-content\\\/uploads\\\/2025\\\/12\\\/cropped-cropped-cropped-RETINA.png\",\"contentUrl\":\"https:\\\/\\\/www.coalco.cl\\\/web\\\/wp-content\\\/uploads\\\/2025\\\/12\\\/cropped-cropped-cropped-RETINA.png\",\"width\":512,\"height\":512,\"caption\":\"Colegio Alerce\"},\"image\":{\"@id\":\"https:\\\/\\\/www.coalco.cl\\\/web\\\/#\\\/schema\\\/logo\\\/image\\\/\"}},{\"@type\":\"Person\",\"@id\":\"\",\"url\":\"https:\\\/\\\/www.coalco.cl\\\/web\\\/author\\\/\"}]}<\/script>\n<!-- \/ Yoast SEO plugin. -->","yoast_head_json":{"title":"ceremonia inauguraci\u00f3n redcol - Colegio Alerce","robots":{"index":"index","follow":"follow","max-snippet":"max-snippet:-1","max-image-preview":"max-image-preview:large","max-video-preview":"max-video-preview:-1"},"canonical":"https:\/\/www.coalco.cl\/web\/ceremonia-inauguracion-redcol\/","og_locale":"es_ES","og_type":"article","og_title":"ceremonia inauguraci\u00f3n redcol - Colegio Alerce","og_description":"Con apoyo de su profesora, ellos aprenden creando.","og_url":"https:\/\/www.coalco.cl\/web\/ceremonia-inauguracion-redcol\/","og_site_name":"Colegio Alerce","article_published_time":"2025-04-02T18:39:00+00:00","article_modified_time":"2025-04-30T00:56:04+00:00","og_image":[{"width":837,"height":659,"url":"https:\/\/www.coalco.cl\/web\/wp-content\/uploads\/2023\/06\/487824089_1100926718510407_752855309965055896_n.jpg","type":"image\/jpeg"}],"twitter_card":"summary_large_image","twitter_misc":{"Escrito por":"","Tiempo estimado de lectura":"1 minuto"},"schema":{"@context":"https:\/\/schema.org","@graph":[{"@type":"Article","@id":"https:\/\/www.coalco.cl\/web\/ceremonia-inauguracion-redcol\/#article","isPartOf":{"@id":"https:\/\/www.coalco.cl\/web\/ceremonia-inauguracion-redcol\/"},"author":{"name":"","@id":""},"headline":"ceremonia inauguraci\u00f3n redcol","datePublished":"2025-04-02T18:39:00+00:00","dateModified":"2025-04-30T00:56:04+00:00","mainEntityOfPage":{"@id":"https:\/\/www.coalco.cl\/web\/ceremonia-inauguracion-redcol\/"},"wordCount":123,"publisher":{"@id":"https:\/\/www.coalco.cl\/web\/#organization"},"image":{"@id":"https:\/\/www.coalco.cl\/web\/ceremonia-inauguracion-redcol\/#primaryimage"},"thumbnailUrl":"https:\/\/www.coalco.cl\/web\/wp-content\/uploads\/2023\/06\/487824089_1100926718510407_752855309965055896_n.jpg","articleSection":["Noticias"],"inLanguage":"es-CL"},{"@type":"WebPage","@id":"https:\/\/www.coalco.cl\/web\/ceremonia-inauguracion-redcol\/","url":"https:\/\/www.coalco.cl\/web\/ceremonia-inauguracion-redcol\/","name":"ceremonia inauguraci\u00f3n redcol - Colegio Alerce","isPartOf":{"@id":"https:\/\/www.coalco.cl\/web\/#website"},"primaryImageOfPage":{"@id":"https:\/\/www.coalco.cl\/web\/ceremonia-inauguracion-redcol\/#primaryimage"},"image":{"@id":"https:\/\/www.coalco.cl\/web\/ceremonia-inauguracion-redcol\/#primaryimage"},"thumbnailUrl":"https:\/\/www.coalco.cl\/web\/wp-content\/uploads\/2023\/06\/487824089_1100926718510407_752855309965055896_n.jpg","datePublished":"2025-04-02T18:39:00+00:00","dateModified":"2025-04-30T00:56:04+00:00","breadcrumb":{"@id":"https:\/\/www.coalco.cl\/web\/ceremonia-inauguracion-redcol\/#breadcrumb"},"inLanguage":"es-CL","potentialAction":[{"@type":"ReadAction","target":["https:\/\/www.coalco.cl\/web\/ceremonia-inauguracion-redcol\/"]}]},{"@type":"ImageObject","inLanguage":"es-CL","@id":"https:\/\/www.coalco.cl\/web\/ceremonia-inauguracion-redcol\/#primaryimage","url":"https:\/\/www.coalco.cl\/web\/wp-content\/uploads\/2023\/06\/487824089_1100926718510407_752855309965055896_n.jpg","contentUrl":"https:\/\/www.coalco.cl\/web\/wp-content\/uploads\/2023\/06\/487824089_1100926718510407_752855309965055896_n.jpg","width":837,"height":659},{"@type":"BreadcrumbList","@id":"https:\/\/www.coalco.cl\/web\/ceremonia-inauguracion-redcol\/#breadcrumb","itemListElement":[{"@type":"ListItem","position":1,"name":"Home","item":"https:\/\/www.coalco.cl\/web\/"},{"@type":"ListItem","position":2,"name":"ceremonia inauguraci\u00f3n redcol"}]},{"@type":"WebSite","@id":"https:\/\/www.coalco.cl\/web\/#website","url":"https:\/\/www.coalco.cl\/web\/","name":"Colegio Alerce","description":"","publisher":{"@id":"https:\/\/www.coalco.cl\/web\/#organization"},"inLanguage":"es-CL"},{"@type":"Organization","@id":"https:\/\/www.coalco.cl\/web\/#organization","name":"Colegio Alerce","url":"https:\/\/www.coalco.cl\/web\/","logo":{"@type":"ImageObject","inLanguage":"es-CL","@id":"https:\/\/www.coalco.cl\/web\/#\/schema\/logo\/image\/","url":"https:\/\/www.coalco.cl\/web\/wp-content\/uploads\/2025\/12\/cropped-cropped-cropped-RETINA.png","contentUrl":"https:\/\/www.coalco.cl\/web\/wp-content\/uploads\/2025\/12\/cropped-cropped-cropped-RETINA.png","width":512,"height":512,"caption":"Colegio Alerce"},"image":{"@id":"https:\/\/www.coalco.cl\/web\/#\/schema\/logo\/image\/"}},{"@type":"Person","@id":"","url":"https:\/\/www.coalco.cl\/web\/author\/"}]}},"_links":{"self":[{"href":"https:\/\/www.coalco.cl\/web\/wp-json\/wp\/v2\/posts\/10615","targetHints":{"allow":["GET"]}}],"collection":[{"href":"https:\/\/www.coalco.cl\/web\/wp-json\/wp\/v2\/posts"}],"about":[{"href":"https:\/\/www.coalco.cl\/web\/wp-json\/wp\/v2\/types\/post"}],"author":[{"embeddable":true,"href":"https:\/\/www.coalco.cl\/web\/wp-json\/wp\/v2\/users\/1"}],"replies":[{"embeddable":true,"href":"https:\/\/www.coalco.cl\/web\/wp-json\/wp\/v2\/comments?post=10615"}],"version-history":[{"count":5,"href":"https:\/\/www.coalco.cl\/web\/wp-json\/wp\/v2\/posts\/10615\/revisions"}],"predecessor-version":[{"id":10797,"href":"https:\/\/www.coalco.cl\/web\/wp-json\/wp\/v2\/posts\/10615\/revisions\/10797"}],"wp:featuredmedia":[{"embeddable":true,"href":"https:\/\/www.coalco.cl\/web\/wp-json\/wp\/v2\/media\/10792"}],"wp:attachment":[{"href":"https:\/\/www.coalco.cl\/web\/wp-json\/wp\/v2\/media?parent=10615"}],"wp:term":[{"taxonomy":"category","embeddable":true,"href":"https:\/\/www.coalco.cl\/web\/wp-json\/wp\/v2\/categories?post=10615"},{"taxonomy":"post_tag","embeddable":true,"href":"https:\/\/www.coalco.cl\/web\/wp-json\/wp\/v2\/tags?post=10615"}],"curies":[{"name":"wp","href":"https:\/\/api.w.org\/{rel}","templated":true}]}}