{"id":10651,"date":"2025-03-02T14:36:45","date_gmt":"2025-03-02T17:36:45","guid":{"rendered":"https:\/\/www.coalco.cl\/web\/?p=10651"},"modified":"2025-04-29T23:07:27","modified_gmt":"2025-04-30T02:07:27","slug":"admision-escolar-2025","status":"publish","type":"post","link":"https:\/\/www.coalco.cl\/web\/admision-escolar-2025\/","title":{"rendered":"Admisi\u00f3n Escolar 2025"},"content":{"rendered":"<style type=\"text\/css\"><\/style>\t\t<div data-elementor-type=\"wp-post\" data-elementor-id=\"10651\" class=\"elementor elementor-10651\">\n\t\t\t\t\t\t<section class=\"elementor-section elementor-top-section elementor-element elementor-element-7f1566f4 elementor-section-boxed elementor-section-height-default elementor-section-height-default\" data-id=\"7f1566f4\" data-element_type=\"section\" data-e-type=\"section\">\n\t\t\t\t\t\t<div class=\"elementor-container elementor-column-gap-default\">\n\t\t\t\t\t<div class=\"elementor-column elementor-col-100 elementor-top-column elementor-element elementor-element-39335ebc\" data-id=\"39335ebc\" data-element_type=\"column\" data-e-type=\"column\">\n\t\t\t<div class=\"elementor-widget-wrap elementor-element-populated\">\n\t\t\t\t\t\t<div class=\"elementor-element elementor-element-69258d7 elementor-widget elementor-widget-text-editor\" data-id=\"69258d7\" data-element_type=\"widget\" data-e-type=\"widget\" data-widget_type=\"text-editor.default\">\n\t\t\t\t<div class=\"elementor-widget-container\">\n\t\t\t\t\t\t\t\t\t<p><strong>Si desea postular a un establecimiento para incorporarse en el a\u00f1o 2025, debe participar del Sistema de Admisi\u00f3n Escolar, en cambio, si desea cambiarse o incorporarse a un nuevo colegio durante este a\u00f1o, deber\u00e1 solicitar una vacante a trav\u00e9s de An\u00f3tate en la Lista.\u00a0<\/strong><\/p><p>https:\/\/www.sistemadeadmisionescolar.cl\/<\/p>\t\t\t\t\t\t\t\t<\/div>\n\t\t\t\t<\/div>\n\t\t\t\t\t<\/div>\n\t\t<\/div>\n\t\t\t\t\t<\/div>\n\t\t<\/section>\n\t\t\t\t<section class=\"elementor-section elementor-top-section elementor-element elementor-element-6271240 elementor-section-boxed elementor-section-height-default elementor-section-height-default\" data-id=\"6271240\" data-element_type=\"section\" data-e-type=\"section\">\n\t\t\t\t\t\t<div class=\"elementor-container elementor-column-gap-default\">\n\t\t\t\t\t<div class=\"elementor-column elementor-col-100 elementor-top-column elementor-element elementor-element-bf468a9\" data-id=\"bf468a9\" data-element_type=\"column\" data-e-type=\"column\">\n\t\t\t<div class=\"elementor-widget-wrap\">\n\t\t\t\t\t\t\t<\/div>\n\t\t<\/div>\n\t\t\t\t\t<\/div>\n\t\t<\/section>\n\t\t\t\t<\/div>\n\t\t","protected":false},"excerpt":{"rendered":"<p>Si desea postular a un establecimiento para incorporarse en el a\u00f1o 2025, debe participar del Sistema de Admisi\u00f3n Escolar, en cambio, si desea cambiarse o incorporarse a un nuevo colegio&#8230;<\/p>\n","protected":false},"author":5,"featured_media":10489,"comment_status":"closed","ping_status":"closed","sticky":false,"template":"","format":"standard","meta":{"footnotes":""},"categories":[61],"tags":[],"class_list":["post-10651","post","type-post","status-publish","format-standard","has-post-thumbnail","hentry","category-noticias"],"yoast_head":"<!-- This site is optimized with the Yoast SEO plugin v27.5 - https:\/\/yoast.com\/product\/yoast-seo-wordpress\/ -->\n<title>Admisi\u00f3n Escolar 2025 - Colegio Alerce<\/title>\n<meta name=\"robots\" content=\"index, follow, max-snippet:-1, max-image-preview:large, max-video-preview:-1\" \/>\n<link rel=\"canonical\" href=\"https:\/\/www.coalco.cl\/web\/admision-escolar-2025\/\" \/>\n<meta property=\"og:locale\" content=\"es_ES\" \/>\n<meta property=\"og:type\" content=\"article\" \/>\n<meta property=\"og:title\" content=\"Admisi\u00f3n Escolar 2025 - Colegio Alerce\" \/>\n<meta property=\"og:description\" content=\"Si desea postular a un establecimiento para incorporarse en el a\u00f1o 2025, debe participar del Sistema de Admisi\u00f3n Escolar, en cambio, si desea cambiarse o incorporarse a un nuevo colegio...\" \/>\n<meta property=\"og:url\" content=\"https:\/\/www.coalco.cl\/web\/admision-escolar-2025\/\" \/>\n<meta property=\"og:site_name\" content=\"Colegio Alerce\" \/>\n<meta property=\"article:published_time\" content=\"2025-03-02T17:36:45+00:00\" \/>\n<meta property=\"article:modified_time\" content=\"2025-04-30T02:07:27+00:00\" \/>\n<meta property=\"og:image\" content=\"https:\/\/www.coalco.cl\/web\/wp-content\/uploads\/2023\/03\/marzo003.jpg\" \/>\n\t<meta property=\"og:image:width\" content=\"1600\" \/>\n\t<meta property=\"og:image:height\" content=\"1064\" \/>\n\t<meta property=\"og:image:type\" content=\"image\/jpeg\" \/>\n<meta name=\"author\" content=\"Alfredo\" \/>\n<meta name=\"twitter:card\" content=\"summary_large_image\" \/>\n<meta name=\"twitter:label1\" content=\"Escrito por\" \/>\n\t<meta name=\"twitter:data1\" content=\"Alfredo\" \/>\n\t<meta name=\"twitter:label2\" content=\"Tiempo estimado de lectura\" \/>\n\t<meta name=\"twitter:data2\" content=\"1 minuto\" \/>\n<script type=\"application\/ld+json\" class=\"yoast-schema-graph\">{\"@context\":\"https:\\\/\\\/schema.org\",\"@graph\":[{\"@type\":\"Article\",\"@id\":\"https:\\\/\\\/www.coalco.cl\\\/web\\\/admision-escolar-2025\\\/#article\",\"isPartOf\":{\"@id\":\"https:\\\/\\\/www.coalco.cl\\\/web\\\/admision-escolar-2025\\\/\"},\"author\":{\"name\":\"Alfredo\",\"@id\":\"https:\\\/\\\/www.coalco.cl\\\/web\\\/#\\\/schema\\\/person\\\/77326b7d671d5e5bcaebc12c3198d0a8\"},\"headline\":\"Admisi\u00f3n Escolar 2025\",\"datePublished\":\"2025-03-02T17:36:45+00:00\",\"dateModified\":\"2025-04-30T02:07:27+00:00\",\"mainEntityOfPage\":{\"@id\":\"https:\\\/\\\/www.coalco.cl\\\/web\\\/admision-escolar-2025\\\/\"},\"wordCount\":55,\"publisher\":{\"@id\":\"https:\\\/\\\/www.coalco.cl\\\/web\\\/#organization\"},\"image\":{\"@id\":\"https:\\\/\\\/www.coalco.cl\\\/web\\\/admision-escolar-2025\\\/#primaryimage\"},\"thumbnailUrl\":\"https:\\\/\\\/www.coalco.cl\\\/web\\\/wp-content\\\/uploads\\\/2023\\\/03\\\/marzo003.jpg\",\"articleSection\":[\"Noticias\"],\"inLanguage\":\"es-CL\"},{\"@type\":\"WebPage\",\"@id\":\"https:\\\/\\\/www.coalco.cl\\\/web\\\/admision-escolar-2025\\\/\",\"url\":\"https:\\\/\\\/www.coalco.cl\\\/web\\\/admision-escolar-2025\\\/\",\"name\":\"Admisi\u00f3n Escolar 2025 - Colegio Alerce\",\"isPartOf\":{\"@id\":\"https:\\\/\\\/www.coalco.cl\\\/web\\\/#website\"},\"primaryImageOfPage\":{\"@id\":\"https:\\\/\\\/www.coalco.cl\\\/web\\\/admision-escolar-2025\\\/#primaryimage\"},\"image\":{\"@id\":\"https:\\\/\\\/www.coalco.cl\\\/web\\\/admision-escolar-2025\\\/#primaryimage\"},\"thumbnailUrl\":\"https:\\\/\\\/www.coalco.cl\\\/web\\\/wp-content\\\/uploads\\\/2023\\\/03\\\/marzo003.jpg\",\"datePublished\":\"2025-03-02T17:36:45+00:00\",\"dateModified\":\"2025-04-30T02:07:27+00:00\",\"breadcrumb\":{\"@id\":\"https:\\\/\\\/www.coalco.cl\\\/web\\\/admision-escolar-2025\\\/#breadcrumb\"},\"inLanguage\":\"es-CL\",\"potentialAction\":[{\"@type\":\"ReadAction\",\"target\":[\"https:\\\/\\\/www.coalco.cl\\\/web\\\/admision-escolar-2025\\\/\"]}]},{\"@type\":\"ImageObject\",\"inLanguage\":\"es-CL\",\"@id\":\"https:\\\/\\\/www.coalco.cl\\\/web\\\/admision-escolar-2025\\\/#primaryimage\",\"url\":\"https:\\\/\\\/www.coalco.cl\\\/web\\\/wp-content\\\/uploads\\\/2023\\\/03\\\/marzo003.jpg\",\"contentUrl\":\"https:\\\/\\\/www.coalco.cl\\\/web\\\/wp-content\\\/uploads\\\/2023\\\/03\\\/marzo003.jpg\",\"width\":1600,\"height\":1064},{\"@type\":\"BreadcrumbList\",\"@id\":\"https:\\\/\\\/www.coalco.cl\\\/web\\\/admision-escolar-2025\\\/#breadcrumb\",\"itemListElement\":[{\"@type\":\"ListItem\",\"position\":1,\"name\":\"Home\",\"item\":\"https:\\\/\\\/www.coalco.cl\\\/web\\\/\"},{\"@type\":\"ListItem\",\"position\":2,\"name\":\"Admisi\u00f3n Escolar 2025\"}]},{\"@type\":\"WebSite\",\"@id\":\"https:\\\/\\\/www.coalco.cl\\\/web\\\/#website\",\"url\":\"https:\\\/\\\/www.coalco.cl\\\/web\\\/\",\"name\":\"Colegio Alerce\",\"description\":\"\",\"publisher\":{\"@id\":\"https:\\\/\\\/www.coalco.cl\\\/web\\\/#organization\"},\"inLanguage\":\"es-CL\"},{\"@type\":\"Organization\",\"@id\":\"https:\\\/\\\/www.coalco.cl\\\/web\\\/#organization\",\"name\":\"Colegio Alerce\",\"url\":\"https:\\\/\\\/www.coalco.cl\\\/web\\\/\",\"logo\":{\"@type\":\"ImageObject\",\"inLanguage\":\"es-CL\",\"@id\":\"https:\\\/\\\/www.coalco.cl\\\/web\\\/#\\\/schema\\\/logo\\\/image\\\/\",\"url\":\"https:\\\/\\\/www.coalco.cl\\\/web\\\/wp-content\\\/uploads\\\/2025\\\/12\\\/cropped-cropped-cropped-RETINA.png\",\"contentUrl\":\"https:\\\/\\\/www.coalco.cl\\\/web\\\/wp-content\\\/uploads\\\/2025\\\/12\\\/cropped-cropped-cropped-RETINA.png\",\"width\":512,\"height\":512,\"caption\":\"Colegio Alerce\"},\"image\":{\"@id\":\"https:\\\/\\\/www.coalco.cl\\\/web\\\/#\\\/schema\\\/logo\\\/image\\\/\"}},{\"@type\":\"Person\",\"@id\":\"https:\\\/\\\/www.coalco.cl\\\/web\\\/#\\\/schema\\\/person\\\/77326b7d671d5e5bcaebc12c3198d0a8\",\"name\":\"Alfredo\",\"image\":{\"@type\":\"ImageObject\",\"inLanguage\":\"es-CL\",\"@id\":\"https:\\\/\\\/secure.gravatar.com\\\/avatar\\\/73e2ba3bab88e2af20e7df2e80719c90a6c33e9447c46c38950b2c81956c37c9?s=96&d=mm&r=g\",\"url\":\"https:\\\/\\\/secure.gravatar.com\\\/avatar\\\/73e2ba3bab88e2af20e7df2e80719c90a6c33e9447c46c38950b2c81956c37c9?s=96&d=mm&r=g\",\"contentUrl\":\"https:\\\/\\\/secure.gravatar.com\\\/avatar\\\/73e2ba3bab88e2af20e7df2e80719c90a6c33e9447c46c38950b2c81956c37c9?s=96&d=mm&r=g\",\"caption\":\"Alfredo\"},\"url\":\"https:\\\/\\\/www.coalco.cl\\\/web\\\/author\\\/alfredoadmin\\\/\"}]}<\/script>\n<!-- \/ Yoast SEO plugin. -->","yoast_head_json":{"title":"Admisi\u00f3n Escolar 2025 - Colegio Alerce","robots":{"index":"index","follow":"follow","max-snippet":"max-snippet:-1","max-image-preview":"max-image-preview:large","max-video-preview":"max-video-preview:-1"},"canonical":"https:\/\/www.coalco.cl\/web\/admision-escolar-2025\/","og_locale":"es_ES","og_type":"article","og_title":"Admisi\u00f3n Escolar 2025 - Colegio Alerce","og_description":"Si desea postular a un establecimiento para incorporarse en el a\u00f1o 2025, debe participar del Sistema de Admisi\u00f3n Escolar, en cambio, si desea cambiarse o incorporarse a un nuevo colegio...","og_url":"https:\/\/www.coalco.cl\/web\/admision-escolar-2025\/","og_site_name":"Colegio Alerce","article_published_time":"2025-03-02T17:36:45+00:00","article_modified_time":"2025-04-30T02:07:27+00:00","og_image":[{"width":1600,"height":1064,"url":"https:\/\/www.coalco.cl\/web\/wp-content\/uploads\/2023\/03\/marzo003.jpg","type":"image\/jpeg"}],"author":"Alfredo","twitter_card":"summary_large_image","twitter_misc":{"Escrito por":"Alfredo","Tiempo estimado de lectura":"1 minuto"},"schema":{"@context":"https:\/\/schema.org","@graph":[{"@type":"Article","@id":"https:\/\/www.coalco.cl\/web\/admision-escolar-2025\/#article","isPartOf":{"@id":"https:\/\/www.coalco.cl\/web\/admision-escolar-2025\/"},"author":{"name":"Alfredo","@id":"https:\/\/www.coalco.cl\/web\/#\/schema\/person\/77326b7d671d5e5bcaebc12c3198d0a8"},"headline":"Admisi\u00f3n Escolar 2025","datePublished":"2025-03-02T17:36:45+00:00","dateModified":"2025-04-30T02:07:27+00:00","mainEntityOfPage":{"@id":"https:\/\/www.coalco.cl\/web\/admision-escolar-2025\/"},"wordCount":55,"publisher":{"@id":"https:\/\/www.coalco.cl\/web\/#organization"},"image":{"@id":"https:\/\/www.coalco.cl\/web\/admision-escolar-2025\/#primaryimage"},"thumbnailUrl":"https:\/\/www.coalco.cl\/web\/wp-content\/uploads\/2023\/03\/marzo003.jpg","articleSection":["Noticias"],"inLanguage":"es-CL"},{"@type":"WebPage","@id":"https:\/\/www.coalco.cl\/web\/admision-escolar-2025\/","url":"https:\/\/www.coalco.cl\/web\/admision-escolar-2025\/","name":"Admisi\u00f3n Escolar 2025 - Colegio Alerce","isPartOf":{"@id":"https:\/\/www.coalco.cl\/web\/#website"},"primaryImageOfPage":{"@id":"https:\/\/www.coalco.cl\/web\/admision-escolar-2025\/#primaryimage"},"image":{"@id":"https:\/\/www.coalco.cl\/web\/admision-escolar-2025\/#primaryimage"},"thumbnailUrl":"https:\/\/www.coalco.cl\/web\/wp-content\/uploads\/2023\/03\/marzo003.jpg","datePublished":"2025-03-02T17:36:45+00:00","dateModified":"2025-04-30T02:07:27+00:00","breadcrumb":{"@id":"https:\/\/www.coalco.cl\/web\/admision-escolar-2025\/#breadcrumb"},"inLanguage":"es-CL","potentialAction":[{"@type":"ReadAction","target":["https:\/\/www.coalco.cl\/web\/admision-escolar-2025\/"]}]},{"@type":"ImageObject","inLanguage":"es-CL","@id":"https:\/\/www.coalco.cl\/web\/admision-escolar-2025\/#primaryimage","url":"https:\/\/www.coalco.cl\/web\/wp-content\/uploads\/2023\/03\/marzo003.jpg","contentUrl":"https:\/\/www.coalco.cl\/web\/wp-content\/uploads\/2023\/03\/marzo003.jpg","width":1600,"height":1064},{"@type":"BreadcrumbList","@id":"https:\/\/www.coalco.cl\/web\/admision-escolar-2025\/#breadcrumb","itemListElement":[{"@type":"ListItem","position":1,"name":"Home","item":"https:\/\/www.coalco.cl\/web\/"},{"@type":"ListItem","position":2,"name":"Admisi\u00f3n Escolar 2025"}]},{"@type":"WebSite","@id":"https:\/\/www.coalco.cl\/web\/#website","url":"https:\/\/www.coalco.cl\/web\/","name":"Colegio Alerce","description":"","publisher":{"@id":"https:\/\/www.coalco.cl\/web\/#organization"},"inLanguage":"es-CL"},{"@type":"Organization","@id":"https:\/\/www.coalco.cl\/web\/#organization","name":"Colegio Alerce","url":"https:\/\/www.coalco.cl\/web\/","logo":{"@type":"ImageObject","inLanguage":"es-CL","@id":"https:\/\/www.coalco.cl\/web\/#\/schema\/logo\/image\/","url":"https:\/\/www.coalco.cl\/web\/wp-content\/uploads\/2025\/12\/cropped-cropped-cropped-RETINA.png","contentUrl":"https:\/\/www.coalco.cl\/web\/wp-content\/uploads\/2025\/12\/cropped-cropped-cropped-RETINA.png","width":512,"height":512,"caption":"Colegio Alerce"},"image":{"@id":"https:\/\/www.coalco.cl\/web\/#\/schema\/logo\/image\/"}},{"@type":"Person","@id":"https:\/\/www.coalco.cl\/web\/#\/schema\/person\/77326b7d671d5e5bcaebc12c3198d0a8","name":"Alfredo","image":{"@type":"ImageObject","inLanguage":"es-CL","@id":"https:\/\/secure.gravatar.com\/avatar\/73e2ba3bab88e2af20e7df2e80719c90a6c33e9447c46c38950b2c81956c37c9?s=96&d=mm&r=g","url":"https:\/\/secure.gravatar.com\/avatar\/73e2ba3bab88e2af20e7df2e80719c90a6c33e9447c46c38950b2c81956c37c9?s=96&d=mm&r=g","contentUrl":"https:\/\/secure.gravatar.com\/avatar\/73e2ba3bab88e2af20e7df2e80719c90a6c33e9447c46c38950b2c81956c37c9?s=96&d=mm&r=g","caption":"Alfredo"},"url":"https:\/\/www.coalco.cl\/web\/author\/alfredoadmin\/"}]}},"_links":{"self":[{"href":"https:\/\/www.coalco.cl\/web\/wp-json\/wp\/v2\/posts\/10651","targetHints":{"allow":["GET"]}}],"collection":[{"href":"https:\/\/www.coalco.cl\/web\/wp-json\/wp\/v2\/posts"}],"about":[{"href":"https:\/\/www.coalco.cl\/web\/wp-json\/wp\/v2\/types\/post"}],"author":[{"embeddable":true,"href":"https:\/\/www.coalco.cl\/web\/wp-json\/wp\/v2\/users\/5"}],"replies":[{"embeddable":true,"href":"https:\/\/www.coalco.cl\/web\/wp-json\/wp\/v2\/comments?post=10651"}],"version-history":[{"count":24,"href":"https:\/\/www.coalco.cl\/web\/wp-json\/wp\/v2\/posts\/10651\/revisions"}],"predecessor-version":[{"id":10828,"href":"https:\/\/www.coalco.cl\/web\/wp-json\/wp\/v2\/posts\/10651\/revisions\/10828"}],"wp:featuredmedia":[{"embeddable":true,"href":"https:\/\/www.coalco.cl\/web\/wp-json\/wp\/v2\/media\/10489"}],"wp:attachment":[{"href":"https:\/\/www.coalco.cl\/web\/wp-json\/wp\/v2\/media?parent=10651"}],"wp:term":[{"taxonomy":"category","embeddable":true,"href":"https:\/\/www.coalco.cl\/web\/wp-json\/wp\/v2\/categories?post=10651"},{"taxonomy":"post_tag","embeddable":true,"href":"https:\/\/www.coalco.cl\/web\/wp-json\/wp\/v2\/tags?post=10651"}],"curies":[{"name":"wp","href":"https:\/\/api.w.org\/{rel}","templated":true}]}}