{"id":10948,"date":"2025-05-27T11:32:00","date_gmt":"2025-05-27T14:32:00","guid":{"rendered":"https:\/\/www.coalco.cl\/web\/?p=10948"},"modified":"2025-05-30T23:41:03","modified_gmt":"2025-05-31T02:41:03","slug":"salida-pedagogica-2","status":"publish","type":"post","link":"https:\/\/www.coalco.cl\/web\/salida-pedagogica-2\/","title":{"rendered":"salida pedag\u00f3gica"},"content":{"rendered":"<style type=\"text\/css\"><\/style>\t\t<div data-elementor-type=\"wp-post\" data-elementor-id=\"10948\" class=\"elementor elementor-10948\">\n\t\t\t\t\t\t<section class=\"elementor-section elementor-top-section elementor-element elementor-element-7f1566f4 elementor-section-boxed elementor-section-height-default elementor-section-height-default\" data-id=\"7f1566f4\" data-element_type=\"section\" data-e-type=\"section\">\n\t\t\t\t\t\t<div class=\"elementor-container elementor-column-gap-default\">\n\t\t\t\t\t<div class=\"elementor-column elementor-col-100 elementor-top-column elementor-element elementor-element-39335ebc\" data-id=\"39335ebc\" data-element_type=\"column\" data-e-type=\"column\">\n\t\t\t<div class=\"elementor-widget-wrap elementor-element-populated\">\n\t\t\t\t\t\t<div class=\"elementor-element elementor-element-cfe4839 elementor-widget elementor-widget-text-editor\" data-id=\"cfe4839\" data-element_type=\"widget\" data-e-type=\"widget\" data-widget_type=\"text-editor.default\">\n\t\t\t\t<div class=\"elementor-widget-container\">\n\t\t\t\t\t\t\t\t\t<div dir=\"auto\">En esta salida pedag\u00f3gica los estudiantes pudieron participar del Cuentacuentos Sof\u00eda y Florencia, un paseo por el bosque<\/div><div dir=\"auto\">A trav\u00e9s de la aventura de las protagonistas, se busca que puedan descubrir la naturaleza y la importancia de cuidarla y\u00a0respetarla.<\/div><div dir=\"auto\">Promueve tambi\u00e9n que puedan comprender que los \u00e1rboles son esenciales para la vida diaria, que tienen m\u00faltiples usos, instalando la responsabilidad ambiental, as\u00ed como la valoraci\u00f3n y protecci\u00f3n del entorno.<\/div><div dir=\"auto\">Los estudiantes fueron acompa\u00f1ados por las profesoras se\u00f1oritas Angelica y Fernanda y la asistente de aula Se\u00f1orita Alejandra.<\/div>\t\t\t\t\t\t\t\t<\/div>\n\t\t\t\t<\/div>\n\t\t\t\t\t<\/div>\n\t\t<\/div>\n\t\t\t\t\t<\/div>\n\t\t<\/section>\n\t\t\t\t<section class=\"elementor-section elementor-top-section elementor-element elementor-element-6271240 elementor-section-boxed elementor-section-height-default elementor-section-height-default\" data-id=\"6271240\" data-element_type=\"section\" data-e-type=\"section\">\n\t\t\t\t\t\t<div class=\"elementor-container elementor-column-gap-default\">\n\t\t\t\t\t<div class=\"elementor-column elementor-col-100 elementor-top-column elementor-element elementor-element-bf468a9\" data-id=\"bf468a9\" data-element_type=\"column\" data-e-type=\"column\">\n\t\t\t<div class=\"elementor-widget-wrap\">\n\t\t\t\t\t\t\t<\/div>\n\t\t<\/div>\n\t\t\t\t\t<\/div>\n\t\t<\/section>\n\t\t\t\t<\/div>\n\t\t","protected":false},"excerpt":{"rendered":"<p>Estudiantes de 3ero. B\u00e1sico en la UBB, participaron en el lanzamiento del libro: \u201cSof\u00eda y Florencia, un paseo por el bosque\u201d<\/p>\n","protected":false},"author":5,"featured_media":10949,"comment_status":"closed","ping_status":"closed","sticky":false,"template":"","format":"standard","meta":{"footnotes":""},"categories":[61],"tags":[],"class_list":["post-10948","post","type-post","status-publish","format-standard","has-post-thumbnail","hentry","category-noticias"],"yoast_head":"<!-- This site is optimized with the Yoast SEO plugin v27.5 - https:\/\/yoast.com\/product\/yoast-seo-wordpress\/ -->\n<title>salida pedag\u00f3gica - Colegio Alerce<\/title>\n<meta name=\"robots\" content=\"index, follow, max-snippet:-1, max-image-preview:large, max-video-preview:-1\" \/>\n<link rel=\"canonical\" href=\"https:\/\/www.coalco.cl\/web\/salida-pedagogica-2\/\" \/>\n<meta property=\"og:locale\" content=\"es_ES\" \/>\n<meta property=\"og:type\" content=\"article\" \/>\n<meta property=\"og:title\" content=\"salida pedag\u00f3gica - Colegio Alerce\" \/>\n<meta property=\"og:description\" content=\"Estudiantes de 3ero. B\u00e1sico en la UBB, participaron en el lanzamiento del libro: \u201cSof\u00eda y Florencia, un paseo por el bosque\u201d\" \/>\n<meta property=\"og:url\" content=\"https:\/\/www.coalco.cl\/web\/salida-pedagogica-2\/\" \/>\n<meta property=\"og:site_name\" content=\"Colegio Alerce\" \/>\n<meta property=\"article:published_time\" content=\"2025-05-27T14:32:00+00:00\" \/>\n<meta property=\"article:modified_time\" content=\"2025-05-31T02:41:03+00:00\" \/>\n<meta property=\"og:image\" content=\"https:\/\/www.coalco.cl\/web\/wp-content\/uploads\/2025\/05\/499919274_1139919524611126_4765211752125554431_n.jpg\" \/>\n\t<meta property=\"og:image:width\" content=\"1600\" \/>\n\t<meta property=\"og:image:height\" content=\"1200\" \/>\n\t<meta property=\"og:image:type\" content=\"image\/jpeg\" \/>\n<meta name=\"author\" content=\"Alfredo\" \/>\n<meta name=\"twitter:card\" content=\"summary_large_image\" \/>\n<meta name=\"twitter:label1\" content=\"Escrito por\" \/>\n\t<meta name=\"twitter:data1\" content=\"Alfredo\" \/>\n\t<meta name=\"twitter:label2\" content=\"Tiempo estimado de lectura\" \/>\n\t<meta name=\"twitter:data2\" content=\"1 minuto\" \/>\n<script type=\"application\/ld+json\" class=\"yoast-schema-graph\">{\"@context\":\"https:\\\/\\\/schema.org\",\"@graph\":[{\"@type\":\"Article\",\"@id\":\"https:\\\/\\\/www.coalco.cl\\\/web\\\/salida-pedagogica-2\\\/#article\",\"isPartOf\":{\"@id\":\"https:\\\/\\\/www.coalco.cl\\\/web\\\/salida-pedagogica-2\\\/\"},\"author\":{\"name\":\"Alfredo\",\"@id\":\"https:\\\/\\\/www.coalco.cl\\\/web\\\/#\\\/schema\\\/person\\\/77326b7d671d5e5bcaebc12c3198d0a8\"},\"headline\":\"salida pedag\u00f3gica\",\"datePublished\":\"2025-05-27T14:32:00+00:00\",\"dateModified\":\"2025-05-31T02:41:03+00:00\",\"mainEntityOfPage\":{\"@id\":\"https:\\\/\\\/www.coalco.cl\\\/web\\\/salida-pedagogica-2\\\/\"},\"wordCount\":100,\"publisher\":{\"@id\":\"https:\\\/\\\/www.coalco.cl\\\/web\\\/#organization\"},\"image\":{\"@id\":\"https:\\\/\\\/www.coalco.cl\\\/web\\\/salida-pedagogica-2\\\/#primaryimage\"},\"thumbnailUrl\":\"https:\\\/\\\/www.coalco.cl\\\/web\\\/wp-content\\\/uploads\\\/2025\\\/05\\\/499919274_1139919524611126_4765211752125554431_n.jpg\",\"articleSection\":[\"Noticias\"],\"inLanguage\":\"es-CL\"},{\"@type\":\"WebPage\",\"@id\":\"https:\\\/\\\/www.coalco.cl\\\/web\\\/salida-pedagogica-2\\\/\",\"url\":\"https:\\\/\\\/www.coalco.cl\\\/web\\\/salida-pedagogica-2\\\/\",\"name\":\"salida pedag\u00f3gica - Colegio Alerce\",\"isPartOf\":{\"@id\":\"https:\\\/\\\/www.coalco.cl\\\/web\\\/#website\"},\"primaryImageOfPage\":{\"@id\":\"https:\\\/\\\/www.coalco.cl\\\/web\\\/salida-pedagogica-2\\\/#primaryimage\"},\"image\":{\"@id\":\"https:\\\/\\\/www.coalco.cl\\\/web\\\/salida-pedagogica-2\\\/#primaryimage\"},\"thumbnailUrl\":\"https:\\\/\\\/www.coalco.cl\\\/web\\\/wp-content\\\/uploads\\\/2025\\\/05\\\/499919274_1139919524611126_4765211752125554431_n.jpg\",\"datePublished\":\"2025-05-27T14:32:00+00:00\",\"dateModified\":\"2025-05-31T02:41:03+00:00\",\"breadcrumb\":{\"@id\":\"https:\\\/\\\/www.coalco.cl\\\/web\\\/salida-pedagogica-2\\\/#breadcrumb\"},\"inLanguage\":\"es-CL\",\"potentialAction\":[{\"@type\":\"ReadAction\",\"target\":[\"https:\\\/\\\/www.coalco.cl\\\/web\\\/salida-pedagogica-2\\\/\"]}]},{\"@type\":\"ImageObject\",\"inLanguage\":\"es-CL\",\"@id\":\"https:\\\/\\\/www.coalco.cl\\\/web\\\/salida-pedagogica-2\\\/#primaryimage\",\"url\":\"https:\\\/\\\/www.coalco.cl\\\/web\\\/wp-content\\\/uploads\\\/2025\\\/05\\\/499919274_1139919524611126_4765211752125554431_n.jpg\",\"contentUrl\":\"https:\\\/\\\/www.coalco.cl\\\/web\\\/wp-content\\\/uploads\\\/2025\\\/05\\\/499919274_1139919524611126_4765211752125554431_n.jpg\",\"width\":1600,\"height\":1200},{\"@type\":\"BreadcrumbList\",\"@id\":\"https:\\\/\\\/www.coalco.cl\\\/web\\\/salida-pedagogica-2\\\/#breadcrumb\",\"itemListElement\":[{\"@type\":\"ListItem\",\"position\":1,\"name\":\"Home\",\"item\":\"https:\\\/\\\/www.coalco.cl\\\/web\\\/\"},{\"@type\":\"ListItem\",\"position\":2,\"name\":\"salida pedag\u00f3gica\"}]},{\"@type\":\"WebSite\",\"@id\":\"https:\\\/\\\/www.coalco.cl\\\/web\\\/#website\",\"url\":\"https:\\\/\\\/www.coalco.cl\\\/web\\\/\",\"name\":\"Colegio Alerce\",\"description\":\"\",\"publisher\":{\"@id\":\"https:\\\/\\\/www.coalco.cl\\\/web\\\/#organization\"},\"inLanguage\":\"es-CL\"},{\"@type\":\"Organization\",\"@id\":\"https:\\\/\\\/www.coalco.cl\\\/web\\\/#organization\",\"name\":\"Colegio Alerce\",\"url\":\"https:\\\/\\\/www.coalco.cl\\\/web\\\/\",\"logo\":{\"@type\":\"ImageObject\",\"inLanguage\":\"es-CL\",\"@id\":\"https:\\\/\\\/www.coalco.cl\\\/web\\\/#\\\/schema\\\/logo\\\/image\\\/\",\"url\":\"https:\\\/\\\/www.coalco.cl\\\/web\\\/wp-content\\\/uploads\\\/2025\\\/12\\\/cropped-cropped-cropped-RETINA.png\",\"contentUrl\":\"https:\\\/\\\/www.coalco.cl\\\/web\\\/wp-content\\\/uploads\\\/2025\\\/12\\\/cropped-cropped-cropped-RETINA.png\",\"width\":512,\"height\":512,\"caption\":\"Colegio Alerce\"},\"image\":{\"@id\":\"https:\\\/\\\/www.coalco.cl\\\/web\\\/#\\\/schema\\\/logo\\\/image\\\/\"}},{\"@type\":\"Person\",\"@id\":\"https:\\\/\\\/www.coalco.cl\\\/web\\\/#\\\/schema\\\/person\\\/77326b7d671d5e5bcaebc12c3198d0a8\",\"name\":\"Alfredo\",\"image\":{\"@type\":\"ImageObject\",\"inLanguage\":\"es-CL\",\"@id\":\"https:\\\/\\\/secure.gravatar.com\\\/avatar\\\/73e2ba3bab88e2af20e7df2e80719c90a6c33e9447c46c38950b2c81956c37c9?s=96&d=mm&r=g\",\"url\":\"https:\\\/\\\/secure.gravatar.com\\\/avatar\\\/73e2ba3bab88e2af20e7df2e80719c90a6c33e9447c46c38950b2c81956c37c9?s=96&d=mm&r=g\",\"contentUrl\":\"https:\\\/\\\/secure.gravatar.com\\\/avatar\\\/73e2ba3bab88e2af20e7df2e80719c90a6c33e9447c46c38950b2c81956c37c9?s=96&d=mm&r=g\",\"caption\":\"Alfredo\"},\"url\":\"https:\\\/\\\/www.coalco.cl\\\/web\\\/author\\\/alfredoadmin\\\/\"}]}<\/script>\n<!-- \/ Yoast SEO plugin. -->","yoast_head_json":{"title":"salida pedag\u00f3gica - Colegio Alerce","robots":{"index":"index","follow":"follow","max-snippet":"max-snippet:-1","max-image-preview":"max-image-preview:large","max-video-preview":"max-video-preview:-1"},"canonical":"https:\/\/www.coalco.cl\/web\/salida-pedagogica-2\/","og_locale":"es_ES","og_type":"article","og_title":"salida pedag\u00f3gica - Colegio Alerce","og_description":"Estudiantes de 3ero. B\u00e1sico en la UBB, participaron en el lanzamiento del libro: \u201cSof\u00eda y Florencia, un paseo por el bosque\u201d","og_url":"https:\/\/www.coalco.cl\/web\/salida-pedagogica-2\/","og_site_name":"Colegio Alerce","article_published_time":"2025-05-27T14:32:00+00:00","article_modified_time":"2025-05-31T02:41:03+00:00","og_image":[{"width":1600,"height":1200,"url":"https:\/\/www.coalco.cl\/web\/wp-content\/uploads\/2025\/05\/499919274_1139919524611126_4765211752125554431_n.jpg","type":"image\/jpeg"}],"author":"Alfredo","twitter_card":"summary_large_image","twitter_misc":{"Escrito por":"Alfredo","Tiempo estimado de lectura":"1 minuto"},"schema":{"@context":"https:\/\/schema.org","@graph":[{"@type":"Article","@id":"https:\/\/www.coalco.cl\/web\/salida-pedagogica-2\/#article","isPartOf":{"@id":"https:\/\/www.coalco.cl\/web\/salida-pedagogica-2\/"},"author":{"name":"Alfredo","@id":"https:\/\/www.coalco.cl\/web\/#\/schema\/person\/77326b7d671d5e5bcaebc12c3198d0a8"},"headline":"salida pedag\u00f3gica","datePublished":"2025-05-27T14:32:00+00:00","dateModified":"2025-05-31T02:41:03+00:00","mainEntityOfPage":{"@id":"https:\/\/www.coalco.cl\/web\/salida-pedagogica-2\/"},"wordCount":100,"publisher":{"@id":"https:\/\/www.coalco.cl\/web\/#organization"},"image":{"@id":"https:\/\/www.coalco.cl\/web\/salida-pedagogica-2\/#primaryimage"},"thumbnailUrl":"https:\/\/www.coalco.cl\/web\/wp-content\/uploads\/2025\/05\/499919274_1139919524611126_4765211752125554431_n.jpg","articleSection":["Noticias"],"inLanguage":"es-CL"},{"@type":"WebPage","@id":"https:\/\/www.coalco.cl\/web\/salida-pedagogica-2\/","url":"https:\/\/www.coalco.cl\/web\/salida-pedagogica-2\/","name":"salida pedag\u00f3gica - Colegio Alerce","isPartOf":{"@id":"https:\/\/www.coalco.cl\/web\/#website"},"primaryImageOfPage":{"@id":"https:\/\/www.coalco.cl\/web\/salida-pedagogica-2\/#primaryimage"},"image":{"@id":"https:\/\/www.coalco.cl\/web\/salida-pedagogica-2\/#primaryimage"},"thumbnailUrl":"https:\/\/www.coalco.cl\/web\/wp-content\/uploads\/2025\/05\/499919274_1139919524611126_4765211752125554431_n.jpg","datePublished":"2025-05-27T14:32:00+00:00","dateModified":"2025-05-31T02:41:03+00:00","breadcrumb":{"@id":"https:\/\/www.coalco.cl\/web\/salida-pedagogica-2\/#breadcrumb"},"inLanguage":"es-CL","potentialAction":[{"@type":"ReadAction","target":["https:\/\/www.coalco.cl\/web\/salida-pedagogica-2\/"]}]},{"@type":"ImageObject","inLanguage":"es-CL","@id":"https:\/\/www.coalco.cl\/web\/salida-pedagogica-2\/#primaryimage","url":"https:\/\/www.coalco.cl\/web\/wp-content\/uploads\/2025\/05\/499919274_1139919524611126_4765211752125554431_n.jpg","contentUrl":"https:\/\/www.coalco.cl\/web\/wp-content\/uploads\/2025\/05\/499919274_1139919524611126_4765211752125554431_n.jpg","width":1600,"height":1200},{"@type":"BreadcrumbList","@id":"https:\/\/www.coalco.cl\/web\/salida-pedagogica-2\/#breadcrumb","itemListElement":[{"@type":"ListItem","position":1,"name":"Home","item":"https:\/\/www.coalco.cl\/web\/"},{"@type":"ListItem","position":2,"name":"salida pedag\u00f3gica"}]},{"@type":"WebSite","@id":"https:\/\/www.coalco.cl\/web\/#website","url":"https:\/\/www.coalco.cl\/web\/","name":"Colegio Alerce","description":"","publisher":{"@id":"https:\/\/www.coalco.cl\/web\/#organization"},"inLanguage":"es-CL"},{"@type":"Organization","@id":"https:\/\/www.coalco.cl\/web\/#organization","name":"Colegio Alerce","url":"https:\/\/www.coalco.cl\/web\/","logo":{"@type":"ImageObject","inLanguage":"es-CL","@id":"https:\/\/www.coalco.cl\/web\/#\/schema\/logo\/image\/","url":"https:\/\/www.coalco.cl\/web\/wp-content\/uploads\/2025\/12\/cropped-cropped-cropped-RETINA.png","contentUrl":"https:\/\/www.coalco.cl\/web\/wp-content\/uploads\/2025\/12\/cropped-cropped-cropped-RETINA.png","width":512,"height":512,"caption":"Colegio Alerce"},"image":{"@id":"https:\/\/www.coalco.cl\/web\/#\/schema\/logo\/image\/"}},{"@type":"Person","@id":"https:\/\/www.coalco.cl\/web\/#\/schema\/person\/77326b7d671d5e5bcaebc12c3198d0a8","name":"Alfredo","image":{"@type":"ImageObject","inLanguage":"es-CL","@id":"https:\/\/secure.gravatar.com\/avatar\/73e2ba3bab88e2af20e7df2e80719c90a6c33e9447c46c38950b2c81956c37c9?s=96&d=mm&r=g","url":"https:\/\/secure.gravatar.com\/avatar\/73e2ba3bab88e2af20e7df2e80719c90a6c33e9447c46c38950b2c81956c37c9?s=96&d=mm&r=g","contentUrl":"https:\/\/secure.gravatar.com\/avatar\/73e2ba3bab88e2af20e7df2e80719c90a6c33e9447c46c38950b2c81956c37c9?s=96&d=mm&r=g","caption":"Alfredo"},"url":"https:\/\/www.coalco.cl\/web\/author\/alfredoadmin\/"}]}},"_links":{"self":[{"href":"https:\/\/www.coalco.cl\/web\/wp-json\/wp\/v2\/posts\/10948","targetHints":{"allow":["GET"]}}],"collection":[{"href":"https:\/\/www.coalco.cl\/web\/wp-json\/wp\/v2\/posts"}],"about":[{"href":"https:\/\/www.coalco.cl\/web\/wp-json\/wp\/v2\/types\/post"}],"author":[{"embeddable":true,"href":"https:\/\/www.coalco.cl\/web\/wp-json\/wp\/v2\/users\/5"}],"replies":[{"embeddable":true,"href":"https:\/\/www.coalco.cl\/web\/wp-json\/wp\/v2\/comments?post=10948"}],"version-history":[{"count":4,"href":"https:\/\/www.coalco.cl\/web\/wp-json\/wp\/v2\/posts\/10948\/revisions"}],"predecessor-version":[{"id":10953,"href":"https:\/\/www.coalco.cl\/web\/wp-json\/wp\/v2\/posts\/10948\/revisions\/10953"}],"wp:featuredmedia":[{"embeddable":true,"href":"https:\/\/www.coalco.cl\/web\/wp-json\/wp\/v2\/media\/10949"}],"wp:attachment":[{"href":"https:\/\/www.coalco.cl\/web\/wp-json\/wp\/v2\/media?parent=10948"}],"wp:term":[{"taxonomy":"category","embeddable":true,"href":"https:\/\/www.coalco.cl\/web\/wp-json\/wp\/v2\/categories?post=10948"},{"taxonomy":"post_tag","embeddable":true,"href":"https:\/\/www.coalco.cl\/web\/wp-json\/wp\/v2\/tags?post=10948"}],"curies":[{"name":"wp","href":"https:\/\/api.w.org\/{rel}","templated":true}]}}