{"id":10955,"date":"2025-05-30T11:53:35","date_gmt":"2025-05-30T14:53:35","guid":{"rendered":"https:\/\/www.coalco.cl\/web\/?p=10955"},"modified":"2025-05-30T23:56:50","modified_gmt":"2025-05-31T02:56:50","slug":"constitucion-del-cade-tp","status":"publish","type":"post","link":"https:\/\/www.coalco.cl\/web\/constitucion-del-cade-tp\/","title":{"rendered":"constituci\u00f3n del cade tp"},"content":{"rendered":"<style type=\"text\/css\"><\/style>\t\t<div data-elementor-type=\"wp-post\" data-elementor-id=\"10955\" class=\"elementor elementor-10955\">\n\t\t\t\t\t\t<section class=\"elementor-section elementor-top-section elementor-element elementor-element-7f1566f4 elementor-section-boxed elementor-section-height-default elementor-section-height-default\" data-id=\"7f1566f4\" data-element_type=\"section\" data-e-type=\"section\">\n\t\t\t\t\t\t<div class=\"elementor-container elementor-column-gap-default\">\n\t\t\t\t\t<div class=\"elementor-column elementor-col-100 elementor-top-column elementor-element elementor-element-39335ebc\" data-id=\"39335ebc\" data-element_type=\"column\" data-e-type=\"column\">\n\t\t\t<div class=\"elementor-widget-wrap elementor-element-populated\">\n\t\t\t\t\t\t<div class=\"elementor-element elementor-element-cfe4839 elementor-widget elementor-widget-text-editor\" data-id=\"cfe4839\" data-element_type=\"widget\" data-e-type=\"widget\" data-widget_type=\"text-editor.default\">\n\t\t\t\t<div class=\"elementor-widget-container\">\n\t\t\t\t\t\t\t\t\t<div class=\"xdj266r x11i5rnm xat24cr x1mh8g0r x1vvkbs\"><div dir=\"auto\">La conformaci\u00f3n del Consejo Asesor para el Desarrollo Educativo TP tiene como prop\u00f3sitos:<\/div><div dir=\"auto\">&#8211; Establecer una vinculaci\u00f3n formal entre el Colegio Alerce, las Empresas e Instituciones Acad\u00e9micas relacionadas con el sector electricidad con el fin de\u00a0implementar estrategias y\/o acciones de colaboraci\u00f3n mutua.<\/div><\/div><div class=\"x11i5rnm xat24cr x1mh8g0r x1vvkbs xtlvy1s\"><div dir=\"auto\">&#8211; Contribuir al mejoramiento continuo de la formaci\u00f3n acad\u00e9mica y desarrollo de competencias t\u00e9cnicas de las y los estudiantes de las especialidad de Electricidad.<\/div><\/div><div class=\"x11i5rnm xat24cr x1mh8g0r x1vvkbs xtlvy1s\"><div dir=\"auto\">El Consejo Asesor para el Desarrollo Educativo TP,especialidad de Electricidad, qued\u00f3 conformado con<\/div><div dir=\"auto\">representantes de Empresas e Instituciones de educaci\u00f3n superior TP qui\u00e9nes formalizaron su compromiso de participaci\u00f3n y apoyo al desarrollo de la especialidad de Electricidad y acciones de colaboraci\u00f3n mutua, desde el momento de la conformaci\u00f3n de este Consejo Asesor para el Desarrollo Educativo TP.<\/div><\/div><div class=\"x11i5rnm xat24cr x1mh8g0r x1vvkbs xtlvy1s\"><div dir=\"auto\">Agradecemos la disposici\u00f3n, voluntad y entusiasmo de los representantes de DisoEnergy, Indama Ltda. PCWORKELECTRIC, Scontrol, Universidad Santa Mar\u00eda, DUOC UC, INACAP, CEDUC y por parte del Colegio Alerce, nuestro rector Don V\u00edctor C\u00e1rdenas , el Gestor Pedag\u00f3gico Alfredo Rojas y el docente Ingeniero Leonardo Hinojosa.<\/div><\/div><div class=\"x11i5rnm xat24cr x1mh8g0r x1vvkbs xtlvy1s\"><div dir=\"auto\">Empresa<\/div><\/div><div class=\"x11i5rnm xat24cr x1mh8g0r x1vvkbs xtlvy1s\"><div dir=\"auto\">Fabrizio Andrades Espinoza<\/div><div dir=\"auto\">INACAP<\/div><div dir=\"auto\">978895036<\/div><\/div><div class=\"x11i5rnm xat24cr x1mh8g0r x1vvkbs xtlvy1s\"><div dir=\"auto\">Miguel Mart\u00ednez Guerra<\/div><div dir=\"auto\">Ceduc UCN<\/div><\/div><div class=\"x11i5rnm xat24cr x1mh8g0r x1vvkbs xtlvy1s\"><div dir=\"auto\">Patricio Gonz\u00e1lez Mu\u00f1oz<\/div><div dir=\"auto\">Duoc UC<\/div><\/div>\t\t\t\t\t\t\t\t<\/div>\n\t\t\t\t<\/div>\n\t\t\t\t\t<\/div>\n\t\t<\/div>\n\t\t\t\t\t<\/div>\n\t\t<\/section>\n\t\t\t\t<section class=\"elementor-section elementor-top-section elementor-element elementor-element-6271240 elementor-section-boxed elementor-section-height-default elementor-section-height-default\" data-id=\"6271240\" data-element_type=\"section\" data-e-type=\"section\">\n\t\t\t\t\t\t<div class=\"elementor-container elementor-column-gap-default\">\n\t\t\t\t\t<div class=\"elementor-column elementor-col-100 elementor-top-column elementor-element elementor-element-bf468a9\" data-id=\"bf468a9\" data-element_type=\"column\" data-e-type=\"column\">\n\t\t\t<div class=\"elementor-widget-wrap\">\n\t\t\t\t\t\t\t<\/div>\n\t\t<\/div>\n\t\t\t\t\t<\/div>\n\t\t<\/section>\n\t\t\t\t<\/div>\n\t\t","protected":false},"excerpt":{"rendered":"<p>Constituci\u00f3n del CADE TP, representantes de la educaci\u00f3n superior TP y empresarios del rubro de la electricidad, firmaron un acuerdo para asesorar al Colegio Alerce.<\/p>\n","protected":false},"author":5,"featured_media":10956,"comment_status":"closed","ping_status":"closed","sticky":false,"template":"","format":"standard","meta":{"footnotes":""},"categories":[61],"tags":[],"class_list":["post-10955","post","type-post","status-publish","format-standard","has-post-thumbnail","hentry","category-noticias"],"yoast_head":"<!-- This site is optimized with the Yoast SEO plugin v27.5 - https:\/\/yoast.com\/product\/yoast-seo-wordpress\/ -->\n<title>constituci\u00f3n del cade tp - Colegio Alerce<\/title>\n<meta name=\"robots\" content=\"index, follow, max-snippet:-1, max-image-preview:large, max-video-preview:-1\" \/>\n<link rel=\"canonical\" href=\"https:\/\/www.coalco.cl\/web\/constitucion-del-cade-tp\/\" \/>\n<meta property=\"og:locale\" content=\"es_ES\" \/>\n<meta property=\"og:type\" content=\"article\" \/>\n<meta property=\"og:title\" content=\"constituci\u00f3n del cade tp - Colegio Alerce\" \/>\n<meta property=\"og:description\" content=\"Constituci\u00f3n del CADE TP, representantes de la educaci\u00f3n superior TP y empresarios del rubro de la electricidad, firmaron un acuerdo para asesorar al Colegio Alerce.\" \/>\n<meta property=\"og:url\" content=\"https:\/\/www.coalco.cl\/web\/constitucion-del-cade-tp\/\" \/>\n<meta property=\"og:site_name\" content=\"Colegio Alerce\" \/>\n<meta property=\"article:published_time\" content=\"2025-05-30T14:53:35+00:00\" \/>\n<meta property=\"article:modified_time\" content=\"2025-05-31T02:56:50+00:00\" \/>\n<meta property=\"og:image\" content=\"https:\/\/www.coalco.cl\/web\/wp-content\/uploads\/2025\/05\/494207518_1142102551059490_6027980691104108711_n.jpg\" \/>\n\t<meta property=\"og:image:width\" content=\"1055\" \/>\n\t<meta property=\"og:image:height\" content=\"540\" \/>\n\t<meta property=\"og:image:type\" content=\"image\/jpeg\" \/>\n<meta name=\"author\" content=\"Alfredo\" \/>\n<meta name=\"twitter:card\" content=\"summary_large_image\" \/>\n<meta name=\"twitter:label1\" content=\"Escrito por\" \/>\n\t<meta name=\"twitter:data1\" content=\"Alfredo\" \/>\n\t<meta name=\"twitter:label2\" content=\"Tiempo estimado de lectura\" \/>\n\t<meta name=\"twitter:data2\" content=\"1 minuto\" \/>\n<script type=\"application\/ld+json\" class=\"yoast-schema-graph\">{\"@context\":\"https:\\\/\\\/schema.org\",\"@graph\":[{\"@type\":\"Article\",\"@id\":\"https:\\\/\\\/www.coalco.cl\\\/web\\\/constitucion-del-cade-tp\\\/#article\",\"isPartOf\":{\"@id\":\"https:\\\/\\\/www.coalco.cl\\\/web\\\/constitucion-del-cade-tp\\\/\"},\"author\":{\"name\":\"Alfredo\",\"@id\":\"https:\\\/\\\/www.coalco.cl\\\/web\\\/#\\\/schema\\\/person\\\/77326b7d671d5e5bcaebc12c3198d0a8\"},\"headline\":\"constituci\u00f3n del cade tp\",\"datePublished\":\"2025-05-30T14:53:35+00:00\",\"dateModified\":\"2025-05-31T02:56:50+00:00\",\"mainEntityOfPage\":{\"@id\":\"https:\\\/\\\/www.coalco.cl\\\/web\\\/constitucion-del-cade-tp\\\/\"},\"wordCount\":205,\"publisher\":{\"@id\":\"https:\\\/\\\/www.coalco.cl\\\/web\\\/#organization\"},\"image\":{\"@id\":\"https:\\\/\\\/www.coalco.cl\\\/web\\\/constitucion-del-cade-tp\\\/#primaryimage\"},\"thumbnailUrl\":\"https:\\\/\\\/www.coalco.cl\\\/web\\\/wp-content\\\/uploads\\\/2025\\\/05\\\/494207518_1142102551059490_6027980691104108711_n.jpg\",\"articleSection\":[\"Noticias\"],\"inLanguage\":\"es-CL\"},{\"@type\":\"WebPage\",\"@id\":\"https:\\\/\\\/www.coalco.cl\\\/web\\\/constitucion-del-cade-tp\\\/\",\"url\":\"https:\\\/\\\/www.coalco.cl\\\/web\\\/constitucion-del-cade-tp\\\/\",\"name\":\"constituci\u00f3n del cade tp - Colegio Alerce\",\"isPartOf\":{\"@id\":\"https:\\\/\\\/www.coalco.cl\\\/web\\\/#website\"},\"primaryImageOfPage\":{\"@id\":\"https:\\\/\\\/www.coalco.cl\\\/web\\\/constitucion-del-cade-tp\\\/#primaryimage\"},\"image\":{\"@id\":\"https:\\\/\\\/www.coalco.cl\\\/web\\\/constitucion-del-cade-tp\\\/#primaryimage\"},\"thumbnailUrl\":\"https:\\\/\\\/www.coalco.cl\\\/web\\\/wp-content\\\/uploads\\\/2025\\\/05\\\/494207518_1142102551059490_6027980691104108711_n.jpg\",\"datePublished\":\"2025-05-30T14:53:35+00:00\",\"dateModified\":\"2025-05-31T02:56:50+00:00\",\"breadcrumb\":{\"@id\":\"https:\\\/\\\/www.coalco.cl\\\/web\\\/constitucion-del-cade-tp\\\/#breadcrumb\"},\"inLanguage\":\"es-CL\",\"potentialAction\":[{\"@type\":\"ReadAction\",\"target\":[\"https:\\\/\\\/www.coalco.cl\\\/web\\\/constitucion-del-cade-tp\\\/\"]}]},{\"@type\":\"ImageObject\",\"inLanguage\":\"es-CL\",\"@id\":\"https:\\\/\\\/www.coalco.cl\\\/web\\\/constitucion-del-cade-tp\\\/#primaryimage\",\"url\":\"https:\\\/\\\/www.coalco.cl\\\/web\\\/wp-content\\\/uploads\\\/2025\\\/05\\\/494207518_1142102551059490_6027980691104108711_n.jpg\",\"contentUrl\":\"https:\\\/\\\/www.coalco.cl\\\/web\\\/wp-content\\\/uploads\\\/2025\\\/05\\\/494207518_1142102551059490_6027980691104108711_n.jpg\",\"width\":1055,\"height\":540},{\"@type\":\"BreadcrumbList\",\"@id\":\"https:\\\/\\\/www.coalco.cl\\\/web\\\/constitucion-del-cade-tp\\\/#breadcrumb\",\"itemListElement\":[{\"@type\":\"ListItem\",\"position\":1,\"name\":\"Home\",\"item\":\"https:\\\/\\\/www.coalco.cl\\\/web\\\/\"},{\"@type\":\"ListItem\",\"position\":2,\"name\":\"constituci\u00f3n del cade tp\"}]},{\"@type\":\"WebSite\",\"@id\":\"https:\\\/\\\/www.coalco.cl\\\/web\\\/#website\",\"url\":\"https:\\\/\\\/www.coalco.cl\\\/web\\\/\",\"name\":\"Colegio Alerce\",\"description\":\"\",\"publisher\":{\"@id\":\"https:\\\/\\\/www.coalco.cl\\\/web\\\/#organization\"},\"inLanguage\":\"es-CL\"},{\"@type\":\"Organization\",\"@id\":\"https:\\\/\\\/www.coalco.cl\\\/web\\\/#organization\",\"name\":\"Colegio Alerce\",\"url\":\"https:\\\/\\\/www.coalco.cl\\\/web\\\/\",\"logo\":{\"@type\":\"ImageObject\",\"inLanguage\":\"es-CL\",\"@id\":\"https:\\\/\\\/www.coalco.cl\\\/web\\\/#\\\/schema\\\/logo\\\/image\\\/\",\"url\":\"https:\\\/\\\/www.coalco.cl\\\/web\\\/wp-content\\\/uploads\\\/2025\\\/12\\\/cropped-cropped-cropped-RETINA.png\",\"contentUrl\":\"https:\\\/\\\/www.coalco.cl\\\/web\\\/wp-content\\\/uploads\\\/2025\\\/12\\\/cropped-cropped-cropped-RETINA.png\",\"width\":512,\"height\":512,\"caption\":\"Colegio Alerce\"},\"image\":{\"@id\":\"https:\\\/\\\/www.coalco.cl\\\/web\\\/#\\\/schema\\\/logo\\\/image\\\/\"}},{\"@type\":\"Person\",\"@id\":\"https:\\\/\\\/www.coalco.cl\\\/web\\\/#\\\/schema\\\/person\\\/77326b7d671d5e5bcaebc12c3198d0a8\",\"name\":\"Alfredo\",\"image\":{\"@type\":\"ImageObject\",\"inLanguage\":\"es-CL\",\"@id\":\"https:\\\/\\\/secure.gravatar.com\\\/avatar\\\/73e2ba3bab88e2af20e7df2e80719c90a6c33e9447c46c38950b2c81956c37c9?s=96&d=mm&r=g\",\"url\":\"https:\\\/\\\/secure.gravatar.com\\\/avatar\\\/73e2ba3bab88e2af20e7df2e80719c90a6c33e9447c46c38950b2c81956c37c9?s=96&d=mm&r=g\",\"contentUrl\":\"https:\\\/\\\/secure.gravatar.com\\\/avatar\\\/73e2ba3bab88e2af20e7df2e80719c90a6c33e9447c46c38950b2c81956c37c9?s=96&d=mm&r=g\",\"caption\":\"Alfredo\"},\"url\":\"https:\\\/\\\/www.coalco.cl\\\/web\\\/author\\\/alfredoadmin\\\/\"}]}<\/script>\n<!-- \/ Yoast SEO plugin. -->","yoast_head_json":{"title":"constituci\u00f3n del cade tp - Colegio Alerce","robots":{"index":"index","follow":"follow","max-snippet":"max-snippet:-1","max-image-preview":"max-image-preview:large","max-video-preview":"max-video-preview:-1"},"canonical":"https:\/\/www.coalco.cl\/web\/constitucion-del-cade-tp\/","og_locale":"es_ES","og_type":"article","og_title":"constituci\u00f3n del cade tp - Colegio Alerce","og_description":"Constituci\u00f3n del CADE TP, representantes de la educaci\u00f3n superior TP y empresarios del rubro de la electricidad, firmaron un acuerdo para asesorar al Colegio Alerce.","og_url":"https:\/\/www.coalco.cl\/web\/constitucion-del-cade-tp\/","og_site_name":"Colegio Alerce","article_published_time":"2025-05-30T14:53:35+00:00","article_modified_time":"2025-05-31T02:56:50+00:00","og_image":[{"width":1055,"height":540,"url":"https:\/\/www.coalco.cl\/web\/wp-content\/uploads\/2025\/05\/494207518_1142102551059490_6027980691104108711_n.jpg","type":"image\/jpeg"}],"author":"Alfredo","twitter_card":"summary_large_image","twitter_misc":{"Escrito por":"Alfredo","Tiempo estimado de lectura":"1 minuto"},"schema":{"@context":"https:\/\/schema.org","@graph":[{"@type":"Article","@id":"https:\/\/www.coalco.cl\/web\/constitucion-del-cade-tp\/#article","isPartOf":{"@id":"https:\/\/www.coalco.cl\/web\/constitucion-del-cade-tp\/"},"author":{"name":"Alfredo","@id":"https:\/\/www.coalco.cl\/web\/#\/schema\/person\/77326b7d671d5e5bcaebc12c3198d0a8"},"headline":"constituci\u00f3n del cade tp","datePublished":"2025-05-30T14:53:35+00:00","dateModified":"2025-05-31T02:56:50+00:00","mainEntityOfPage":{"@id":"https:\/\/www.coalco.cl\/web\/constitucion-del-cade-tp\/"},"wordCount":205,"publisher":{"@id":"https:\/\/www.coalco.cl\/web\/#organization"},"image":{"@id":"https:\/\/www.coalco.cl\/web\/constitucion-del-cade-tp\/#primaryimage"},"thumbnailUrl":"https:\/\/www.coalco.cl\/web\/wp-content\/uploads\/2025\/05\/494207518_1142102551059490_6027980691104108711_n.jpg","articleSection":["Noticias"],"inLanguage":"es-CL"},{"@type":"WebPage","@id":"https:\/\/www.coalco.cl\/web\/constitucion-del-cade-tp\/","url":"https:\/\/www.coalco.cl\/web\/constitucion-del-cade-tp\/","name":"constituci\u00f3n del cade tp - Colegio Alerce","isPartOf":{"@id":"https:\/\/www.coalco.cl\/web\/#website"},"primaryImageOfPage":{"@id":"https:\/\/www.coalco.cl\/web\/constitucion-del-cade-tp\/#primaryimage"},"image":{"@id":"https:\/\/www.coalco.cl\/web\/constitucion-del-cade-tp\/#primaryimage"},"thumbnailUrl":"https:\/\/www.coalco.cl\/web\/wp-content\/uploads\/2025\/05\/494207518_1142102551059490_6027980691104108711_n.jpg","datePublished":"2025-05-30T14:53:35+00:00","dateModified":"2025-05-31T02:56:50+00:00","breadcrumb":{"@id":"https:\/\/www.coalco.cl\/web\/constitucion-del-cade-tp\/#breadcrumb"},"inLanguage":"es-CL","potentialAction":[{"@type":"ReadAction","target":["https:\/\/www.coalco.cl\/web\/constitucion-del-cade-tp\/"]}]},{"@type":"ImageObject","inLanguage":"es-CL","@id":"https:\/\/www.coalco.cl\/web\/constitucion-del-cade-tp\/#primaryimage","url":"https:\/\/www.coalco.cl\/web\/wp-content\/uploads\/2025\/05\/494207518_1142102551059490_6027980691104108711_n.jpg","contentUrl":"https:\/\/www.coalco.cl\/web\/wp-content\/uploads\/2025\/05\/494207518_1142102551059490_6027980691104108711_n.jpg","width":1055,"height":540},{"@type":"BreadcrumbList","@id":"https:\/\/www.coalco.cl\/web\/constitucion-del-cade-tp\/#breadcrumb","itemListElement":[{"@type":"ListItem","position":1,"name":"Home","item":"https:\/\/www.coalco.cl\/web\/"},{"@type":"ListItem","position":2,"name":"constituci\u00f3n del cade tp"}]},{"@type":"WebSite","@id":"https:\/\/www.coalco.cl\/web\/#website","url":"https:\/\/www.coalco.cl\/web\/","name":"Colegio Alerce","description":"","publisher":{"@id":"https:\/\/www.coalco.cl\/web\/#organization"},"inLanguage":"es-CL"},{"@type":"Organization","@id":"https:\/\/www.coalco.cl\/web\/#organization","name":"Colegio Alerce","url":"https:\/\/www.coalco.cl\/web\/","logo":{"@type":"ImageObject","inLanguage":"es-CL","@id":"https:\/\/www.coalco.cl\/web\/#\/schema\/logo\/image\/","url":"https:\/\/www.coalco.cl\/web\/wp-content\/uploads\/2025\/12\/cropped-cropped-cropped-RETINA.png","contentUrl":"https:\/\/www.coalco.cl\/web\/wp-content\/uploads\/2025\/12\/cropped-cropped-cropped-RETINA.png","width":512,"height":512,"caption":"Colegio Alerce"},"image":{"@id":"https:\/\/www.coalco.cl\/web\/#\/schema\/logo\/image\/"}},{"@type":"Person","@id":"https:\/\/www.coalco.cl\/web\/#\/schema\/person\/77326b7d671d5e5bcaebc12c3198d0a8","name":"Alfredo","image":{"@type":"ImageObject","inLanguage":"es-CL","@id":"https:\/\/secure.gravatar.com\/avatar\/73e2ba3bab88e2af20e7df2e80719c90a6c33e9447c46c38950b2c81956c37c9?s=96&d=mm&r=g","url":"https:\/\/secure.gravatar.com\/avatar\/73e2ba3bab88e2af20e7df2e80719c90a6c33e9447c46c38950b2c81956c37c9?s=96&d=mm&r=g","contentUrl":"https:\/\/secure.gravatar.com\/avatar\/73e2ba3bab88e2af20e7df2e80719c90a6c33e9447c46c38950b2c81956c37c9?s=96&d=mm&r=g","caption":"Alfredo"},"url":"https:\/\/www.coalco.cl\/web\/author\/alfredoadmin\/"}]}},"_links":{"self":[{"href":"https:\/\/www.coalco.cl\/web\/wp-json\/wp\/v2\/posts\/10955","targetHints":{"allow":["GET"]}}],"collection":[{"href":"https:\/\/www.coalco.cl\/web\/wp-json\/wp\/v2\/posts"}],"about":[{"href":"https:\/\/www.coalco.cl\/web\/wp-json\/wp\/v2\/types\/post"}],"author":[{"embeddable":true,"href":"https:\/\/www.coalco.cl\/web\/wp-json\/wp\/v2\/users\/5"}],"replies":[{"embeddable":true,"href":"https:\/\/www.coalco.cl\/web\/wp-json\/wp\/v2\/comments?post=10955"}],"version-history":[{"count":4,"href":"https:\/\/www.coalco.cl\/web\/wp-json\/wp\/v2\/posts\/10955\/revisions"}],"predecessor-version":[{"id":10960,"href":"https:\/\/www.coalco.cl\/web\/wp-json\/wp\/v2\/posts\/10955\/revisions\/10960"}],"wp:featuredmedia":[{"embeddable":true,"href":"https:\/\/www.coalco.cl\/web\/wp-json\/wp\/v2\/media\/10956"}],"wp:attachment":[{"href":"https:\/\/www.coalco.cl\/web\/wp-json\/wp\/v2\/media?parent=10955"}],"wp:term":[{"taxonomy":"category","embeddable":true,"href":"https:\/\/www.coalco.cl\/web\/wp-json\/wp\/v2\/categories?post=10955"},{"taxonomy":"post_tag","embeddable":true,"href":"https:\/\/www.coalco.cl\/web\/wp-json\/wp\/v2\/tags?post=10955"}],"curies":[{"name":"wp","href":"https:\/\/api.w.org\/{rel}","templated":true}]}}