{"id":11064,"date":"2025-08-01T16:09:00","date_gmt":"2025-08-01T19:09:00","guid":{"rendered":"https:\/\/www.coalco.cl\/web\/?p=11064"},"modified":"2025-08-04T17:16:13","modified_gmt":"2025-08-04T20:16:13","slug":"taller-de-psicomotricidad","status":"publish","type":"post","link":"https:\/\/www.coalco.cl\/web\/taller-de-psicomotricidad\/","title":{"rendered":"Taller de Psicomotricidad"},"content":{"rendered":"<style type=\"text\/css\"><\/style>\t\t<div data-elementor-type=\"wp-post\" data-elementor-id=\"11064\" class=\"elementor elementor-11064\">\n\t\t\t\t\t\t<section class=\"elementor-section elementor-top-section elementor-element elementor-element-7f1566f4 elementor-section-boxed elementor-section-height-default elementor-section-height-default\" data-id=\"7f1566f4\" data-element_type=\"section\" data-e-type=\"section\">\n\t\t\t\t\t\t<div class=\"elementor-container elementor-column-gap-default\">\n\t\t\t\t\t<div class=\"elementor-column elementor-col-100 elementor-top-column elementor-element elementor-element-39335ebc\" data-id=\"39335ebc\" data-element_type=\"column\" data-e-type=\"column\">\n\t\t\t<div class=\"elementor-widget-wrap elementor-element-populated\">\n\t\t\t\t\t\t<div class=\"elementor-element elementor-element-69258d7 elementor-widget elementor-widget-text-editor\" data-id=\"69258d7\" data-element_type=\"widget\" data-e-type=\"widget\" data-widget_type=\"text-editor.default\">\n\t\t\t\t<div class=\"elementor-widget-container\">\n\t\t\t\t\t\t\t\t\t<p>Vinculaci\u00f3n de la Escuela Palmeritas con el Colegio Alerce para los ni\u00f1os y ni\u00f1as de Kinder. Taller de psicomotricidad.<\/p><div dir=\"auto\">La transici\u00f3n de kinder a 1\u00b0 b\u00e1sico no es un simple paso de un nivel a otro, sino un proceso crucial que requiere una planificaci\u00f3n cuidadosa, una comprensi\u00f3n profunda de las necesidades de los ni\u00f1os y una colaboraci\u00f3n entre educadores, padres y la\u00a0comunidad. Al construir puentes s\u00f3lidos entre estos niveles, podemos asegurar que cada ni\u00f1o no solo se adapte a su nueva etapa educativa, sino que tambi\u00e9n se sienten las bases para un futuro de aprendizaje y oportunidades equitativas.<\/div><div dir=\"auto\">\u00a0<\/div><div dir=\"auto\">En esta etapa estamos coordinados como Colegio Alerce con las Escuelas Palmeritas y Palabritas.<\/div><div dir=\"auto\">De esta manera las postulaciones al Colegio Alerce son m\u00e1s efectivas ya que nos conocen y saben qui\u00e9nes somos.<\/div><div dir=\"auto\">En las fotos estudiantes de kinder de Palmeritas en un taller con el profesor de psicomotricidad del Colegio Alerce, adem\u00e1s de profesor jefe y Consejero Estudiantil.<\/div>\t\t\t\t\t\t\t\t<\/div>\n\t\t\t\t<\/div>\n\t\t\t\t\t<\/div>\n\t\t<\/div>\n\t\t\t\t\t<\/div>\n\t\t<\/section>\n\t\t\t\t<\/div>\n\t\t","protected":false},"excerpt":{"rendered":"<p>Taller de Psicomotricidad<\/p>\n","protected":false},"author":5,"featured_media":11065,"comment_status":"closed","ping_status":"closed","sticky":false,"template":"","format":"standard","meta":{"footnotes":""},"categories":[61],"tags":[],"class_list":["post-11064","post","type-post","status-publish","format-standard","has-post-thumbnail","hentry","category-noticias"],"yoast_head":"<!-- This site is optimized with the Yoast SEO plugin v27.4 - https:\/\/yoast.com\/product\/yoast-seo-wordpress\/ -->\n<title>Taller de Psicomotricidad - Colegio Alerce<\/title>\n<meta name=\"robots\" content=\"index, follow, max-snippet:-1, max-image-preview:large, max-video-preview:-1\" \/>\n<link rel=\"canonical\" href=\"https:\/\/www.coalco.cl\/web\/taller-de-psicomotricidad\/\" \/>\n<meta property=\"og:locale\" content=\"es_ES\" \/>\n<meta property=\"og:type\" content=\"article\" \/>\n<meta property=\"og:title\" content=\"Taller de Psicomotricidad - Colegio Alerce\" \/>\n<meta property=\"og:description\" content=\"Taller de Psicomotricidad\" \/>\n<meta property=\"og:url\" content=\"https:\/\/www.coalco.cl\/web\/taller-de-psicomotricidad\/\" \/>\n<meta property=\"og:site_name\" content=\"Colegio Alerce\" \/>\n<meta property=\"article:published_time\" content=\"2025-08-01T19:09:00+00:00\" \/>\n<meta property=\"article:modified_time\" content=\"2025-08-04T20:16:13+00:00\" \/>\n<meta property=\"og:image\" content=\"https:\/\/www.coalco.cl\/web\/wp-content\/uploads\/2025\/08\/foto1.jpg\" \/>\n\t<meta property=\"og:image:width\" content=\"595\" \/>\n\t<meta property=\"og:image:height\" content=\"296\" \/>\n\t<meta property=\"og:image:type\" content=\"image\/jpeg\" \/>\n<meta name=\"author\" content=\"Alfredo\" \/>\n<meta name=\"twitter:card\" content=\"summary_large_image\" \/>\n<meta name=\"twitter:label1\" content=\"Escrito por\" \/>\n\t<meta name=\"twitter:data1\" content=\"Alfredo\" \/>\n\t<meta name=\"twitter:label2\" content=\"Tiempo estimado de lectura\" \/>\n\t<meta name=\"twitter:data2\" content=\"1 minuto\" \/>\n<script type=\"application\/ld+json\" class=\"yoast-schema-graph\">{\"@context\":\"https:\\\/\\\/schema.org\",\"@graph\":[{\"@type\":\"Article\",\"@id\":\"https:\\\/\\\/www.coalco.cl\\\/web\\\/taller-de-psicomotricidad\\\/#article\",\"isPartOf\":{\"@id\":\"https:\\\/\\\/www.coalco.cl\\\/web\\\/taller-de-psicomotricidad\\\/\"},\"author\":{\"name\":\"Alfredo\",\"@id\":\"https:\\\/\\\/www.coalco.cl\\\/web\\\/#\\\/schema\\\/person\\\/77326b7d671d5e5bcaebc12c3198d0a8\"},\"headline\":\"Taller de Psicomotricidad\",\"datePublished\":\"2025-08-01T19:09:00+00:00\",\"dateModified\":\"2025-08-04T20:16:13+00:00\",\"mainEntityOfPage\":{\"@id\":\"https:\\\/\\\/www.coalco.cl\\\/web\\\/taller-de-psicomotricidad\\\/\"},\"wordCount\":175,\"publisher\":{\"@id\":\"https:\\\/\\\/www.coalco.cl\\\/web\\\/#organization\"},\"image\":{\"@id\":\"https:\\\/\\\/www.coalco.cl\\\/web\\\/taller-de-psicomotricidad\\\/#primaryimage\"},\"thumbnailUrl\":\"https:\\\/\\\/www.coalco.cl\\\/web\\\/wp-content\\\/uploads\\\/2025\\\/08\\\/foto1.jpg\",\"articleSection\":[\"Noticias\"],\"inLanguage\":\"es-CL\"},{\"@type\":\"WebPage\",\"@id\":\"https:\\\/\\\/www.coalco.cl\\\/web\\\/taller-de-psicomotricidad\\\/\",\"url\":\"https:\\\/\\\/www.coalco.cl\\\/web\\\/taller-de-psicomotricidad\\\/\",\"name\":\"Taller de Psicomotricidad - Colegio Alerce\",\"isPartOf\":{\"@id\":\"https:\\\/\\\/www.coalco.cl\\\/web\\\/#website\"},\"primaryImageOfPage\":{\"@id\":\"https:\\\/\\\/www.coalco.cl\\\/web\\\/taller-de-psicomotricidad\\\/#primaryimage\"},\"image\":{\"@id\":\"https:\\\/\\\/www.coalco.cl\\\/web\\\/taller-de-psicomotricidad\\\/#primaryimage\"},\"thumbnailUrl\":\"https:\\\/\\\/www.coalco.cl\\\/web\\\/wp-content\\\/uploads\\\/2025\\\/08\\\/foto1.jpg\",\"datePublished\":\"2025-08-01T19:09:00+00:00\",\"dateModified\":\"2025-08-04T20:16:13+00:00\",\"breadcrumb\":{\"@id\":\"https:\\\/\\\/www.coalco.cl\\\/web\\\/taller-de-psicomotricidad\\\/#breadcrumb\"},\"inLanguage\":\"es-CL\",\"potentialAction\":[{\"@type\":\"ReadAction\",\"target\":[\"https:\\\/\\\/www.coalco.cl\\\/web\\\/taller-de-psicomotricidad\\\/\"]}]},{\"@type\":\"ImageObject\",\"inLanguage\":\"es-CL\",\"@id\":\"https:\\\/\\\/www.coalco.cl\\\/web\\\/taller-de-psicomotricidad\\\/#primaryimage\",\"url\":\"https:\\\/\\\/www.coalco.cl\\\/web\\\/wp-content\\\/uploads\\\/2025\\\/08\\\/foto1.jpg\",\"contentUrl\":\"https:\\\/\\\/www.coalco.cl\\\/web\\\/wp-content\\\/uploads\\\/2025\\\/08\\\/foto1.jpg\",\"width\":595,\"height\":296},{\"@type\":\"BreadcrumbList\",\"@id\":\"https:\\\/\\\/www.coalco.cl\\\/web\\\/taller-de-psicomotricidad\\\/#breadcrumb\",\"itemListElement\":[{\"@type\":\"ListItem\",\"position\":1,\"name\":\"Home\",\"item\":\"https:\\\/\\\/www.coalco.cl\\\/web\\\/\"},{\"@type\":\"ListItem\",\"position\":2,\"name\":\"Taller de Psicomotricidad\"}]},{\"@type\":\"WebSite\",\"@id\":\"https:\\\/\\\/www.coalco.cl\\\/web\\\/#website\",\"url\":\"https:\\\/\\\/www.coalco.cl\\\/web\\\/\",\"name\":\"Colegio Alerce\",\"description\":\"\",\"publisher\":{\"@id\":\"https:\\\/\\\/www.coalco.cl\\\/web\\\/#organization\"},\"inLanguage\":\"es-CL\"},{\"@type\":\"Organization\",\"@id\":\"https:\\\/\\\/www.coalco.cl\\\/web\\\/#organization\",\"name\":\"Colegio Alerce\",\"url\":\"https:\\\/\\\/www.coalco.cl\\\/web\\\/\",\"logo\":{\"@type\":\"ImageObject\",\"inLanguage\":\"es-CL\",\"@id\":\"https:\\\/\\\/www.coalco.cl\\\/web\\\/#\\\/schema\\\/logo\\\/image\\\/\",\"url\":\"https:\\\/\\\/www.coalco.cl\\\/web\\\/wp-content\\\/uploads\\\/2025\\\/12\\\/cropped-cropped-cropped-RETINA.png\",\"contentUrl\":\"https:\\\/\\\/www.coalco.cl\\\/web\\\/wp-content\\\/uploads\\\/2025\\\/12\\\/cropped-cropped-cropped-RETINA.png\",\"width\":512,\"height\":512,\"caption\":\"Colegio Alerce\"},\"image\":{\"@id\":\"https:\\\/\\\/www.coalco.cl\\\/web\\\/#\\\/schema\\\/logo\\\/image\\\/\"}},{\"@type\":\"Person\",\"@id\":\"https:\\\/\\\/www.coalco.cl\\\/web\\\/#\\\/schema\\\/person\\\/77326b7d671d5e5bcaebc12c3198d0a8\",\"name\":\"Alfredo\",\"image\":{\"@type\":\"ImageObject\",\"inLanguage\":\"es-CL\",\"@id\":\"https:\\\/\\\/secure.gravatar.com\\\/avatar\\\/73e2ba3bab88e2af20e7df2e80719c90a6c33e9447c46c38950b2c81956c37c9?s=96&d=mm&r=g\",\"url\":\"https:\\\/\\\/secure.gravatar.com\\\/avatar\\\/73e2ba3bab88e2af20e7df2e80719c90a6c33e9447c46c38950b2c81956c37c9?s=96&d=mm&r=g\",\"contentUrl\":\"https:\\\/\\\/secure.gravatar.com\\\/avatar\\\/73e2ba3bab88e2af20e7df2e80719c90a6c33e9447c46c38950b2c81956c37c9?s=96&d=mm&r=g\",\"caption\":\"Alfredo\"},\"url\":\"https:\\\/\\\/www.coalco.cl\\\/web\\\/author\\\/alfredoadmin\\\/\"}]}<\/script>\n<!-- \/ Yoast SEO plugin. -->","yoast_head_json":{"title":"Taller de Psicomotricidad - Colegio Alerce","robots":{"index":"index","follow":"follow","max-snippet":"max-snippet:-1","max-image-preview":"max-image-preview:large","max-video-preview":"max-video-preview:-1"},"canonical":"https:\/\/www.coalco.cl\/web\/taller-de-psicomotricidad\/","og_locale":"es_ES","og_type":"article","og_title":"Taller de Psicomotricidad - Colegio Alerce","og_description":"Taller de Psicomotricidad","og_url":"https:\/\/www.coalco.cl\/web\/taller-de-psicomotricidad\/","og_site_name":"Colegio Alerce","article_published_time":"2025-08-01T19:09:00+00:00","article_modified_time":"2025-08-04T20:16:13+00:00","og_image":[{"width":595,"height":296,"url":"https:\/\/www.coalco.cl\/web\/wp-content\/uploads\/2025\/08\/foto1.jpg","type":"image\/jpeg"}],"author":"Alfredo","twitter_card":"summary_large_image","twitter_misc":{"Escrito por":"Alfredo","Tiempo estimado de lectura":"1 minuto"},"schema":{"@context":"https:\/\/schema.org","@graph":[{"@type":"Article","@id":"https:\/\/www.coalco.cl\/web\/taller-de-psicomotricidad\/#article","isPartOf":{"@id":"https:\/\/www.coalco.cl\/web\/taller-de-psicomotricidad\/"},"author":{"name":"Alfredo","@id":"https:\/\/www.coalco.cl\/web\/#\/schema\/person\/77326b7d671d5e5bcaebc12c3198d0a8"},"headline":"Taller de Psicomotricidad","datePublished":"2025-08-01T19:09:00+00:00","dateModified":"2025-08-04T20:16:13+00:00","mainEntityOfPage":{"@id":"https:\/\/www.coalco.cl\/web\/taller-de-psicomotricidad\/"},"wordCount":175,"publisher":{"@id":"https:\/\/www.coalco.cl\/web\/#organization"},"image":{"@id":"https:\/\/www.coalco.cl\/web\/taller-de-psicomotricidad\/#primaryimage"},"thumbnailUrl":"https:\/\/www.coalco.cl\/web\/wp-content\/uploads\/2025\/08\/foto1.jpg","articleSection":["Noticias"],"inLanguage":"es-CL"},{"@type":"WebPage","@id":"https:\/\/www.coalco.cl\/web\/taller-de-psicomotricidad\/","url":"https:\/\/www.coalco.cl\/web\/taller-de-psicomotricidad\/","name":"Taller de Psicomotricidad - Colegio Alerce","isPartOf":{"@id":"https:\/\/www.coalco.cl\/web\/#website"},"primaryImageOfPage":{"@id":"https:\/\/www.coalco.cl\/web\/taller-de-psicomotricidad\/#primaryimage"},"image":{"@id":"https:\/\/www.coalco.cl\/web\/taller-de-psicomotricidad\/#primaryimage"},"thumbnailUrl":"https:\/\/www.coalco.cl\/web\/wp-content\/uploads\/2025\/08\/foto1.jpg","datePublished":"2025-08-01T19:09:00+00:00","dateModified":"2025-08-04T20:16:13+00:00","breadcrumb":{"@id":"https:\/\/www.coalco.cl\/web\/taller-de-psicomotricidad\/#breadcrumb"},"inLanguage":"es-CL","potentialAction":[{"@type":"ReadAction","target":["https:\/\/www.coalco.cl\/web\/taller-de-psicomotricidad\/"]}]},{"@type":"ImageObject","inLanguage":"es-CL","@id":"https:\/\/www.coalco.cl\/web\/taller-de-psicomotricidad\/#primaryimage","url":"https:\/\/www.coalco.cl\/web\/wp-content\/uploads\/2025\/08\/foto1.jpg","contentUrl":"https:\/\/www.coalco.cl\/web\/wp-content\/uploads\/2025\/08\/foto1.jpg","width":595,"height":296},{"@type":"BreadcrumbList","@id":"https:\/\/www.coalco.cl\/web\/taller-de-psicomotricidad\/#breadcrumb","itemListElement":[{"@type":"ListItem","position":1,"name":"Home","item":"https:\/\/www.coalco.cl\/web\/"},{"@type":"ListItem","position":2,"name":"Taller de Psicomotricidad"}]},{"@type":"WebSite","@id":"https:\/\/www.coalco.cl\/web\/#website","url":"https:\/\/www.coalco.cl\/web\/","name":"Colegio Alerce","description":"","publisher":{"@id":"https:\/\/www.coalco.cl\/web\/#organization"},"inLanguage":"es-CL"},{"@type":"Organization","@id":"https:\/\/www.coalco.cl\/web\/#organization","name":"Colegio Alerce","url":"https:\/\/www.coalco.cl\/web\/","logo":{"@type":"ImageObject","inLanguage":"es-CL","@id":"https:\/\/www.coalco.cl\/web\/#\/schema\/logo\/image\/","url":"https:\/\/www.coalco.cl\/web\/wp-content\/uploads\/2025\/12\/cropped-cropped-cropped-RETINA.png","contentUrl":"https:\/\/www.coalco.cl\/web\/wp-content\/uploads\/2025\/12\/cropped-cropped-cropped-RETINA.png","width":512,"height":512,"caption":"Colegio Alerce"},"image":{"@id":"https:\/\/www.coalco.cl\/web\/#\/schema\/logo\/image\/"}},{"@type":"Person","@id":"https:\/\/www.coalco.cl\/web\/#\/schema\/person\/77326b7d671d5e5bcaebc12c3198d0a8","name":"Alfredo","image":{"@type":"ImageObject","inLanguage":"es-CL","@id":"https:\/\/secure.gravatar.com\/avatar\/73e2ba3bab88e2af20e7df2e80719c90a6c33e9447c46c38950b2c81956c37c9?s=96&d=mm&r=g","url":"https:\/\/secure.gravatar.com\/avatar\/73e2ba3bab88e2af20e7df2e80719c90a6c33e9447c46c38950b2c81956c37c9?s=96&d=mm&r=g","contentUrl":"https:\/\/secure.gravatar.com\/avatar\/73e2ba3bab88e2af20e7df2e80719c90a6c33e9447c46c38950b2c81956c37c9?s=96&d=mm&r=g","caption":"Alfredo"},"url":"https:\/\/www.coalco.cl\/web\/author\/alfredoadmin\/"}]}},"_links":{"self":[{"href":"https:\/\/www.coalco.cl\/web\/wp-json\/wp\/v2\/posts\/11064","targetHints":{"allow":["GET"]}}],"collection":[{"href":"https:\/\/www.coalco.cl\/web\/wp-json\/wp\/v2\/posts"}],"about":[{"href":"https:\/\/www.coalco.cl\/web\/wp-json\/wp\/v2\/types\/post"}],"author":[{"embeddable":true,"href":"https:\/\/www.coalco.cl\/web\/wp-json\/wp\/v2\/users\/5"}],"replies":[{"embeddable":true,"href":"https:\/\/www.coalco.cl\/web\/wp-json\/wp\/v2\/comments?post=11064"}],"version-history":[{"count":6,"href":"https:\/\/www.coalco.cl\/web\/wp-json\/wp\/v2\/posts\/11064\/revisions"}],"predecessor-version":[{"id":11071,"href":"https:\/\/www.coalco.cl\/web\/wp-json\/wp\/v2\/posts\/11064\/revisions\/11071"}],"wp:featuredmedia":[{"embeddable":true,"href":"https:\/\/www.coalco.cl\/web\/wp-json\/wp\/v2\/media\/11065"}],"wp:attachment":[{"href":"https:\/\/www.coalco.cl\/web\/wp-json\/wp\/v2\/media?parent=11064"}],"wp:term":[{"taxonomy":"category","embeddable":true,"href":"https:\/\/www.coalco.cl\/web\/wp-json\/wp\/v2\/categories?post=11064"},{"taxonomy":"post_tag","embeddable":true,"href":"https:\/\/www.coalco.cl\/web\/wp-json\/wp\/v2\/tags?post=11064"}],"curies":[{"name":"wp","href":"https:\/\/api.w.org\/{rel}","templated":true}]}}