{"id":11087,"date":"2025-08-29T16:57:08","date_gmt":"2025-08-29T19:57:08","guid":{"rendered":"https:\/\/www.coalco.cl\/web\/?p=11087"},"modified":"2025-09-03T11:09:45","modified_gmt":"2025-09-03T14:09:45","slug":"ceremonia-titulacion","status":"publish","type":"post","link":"https:\/\/www.coalco.cl\/web\/ceremonia-titulacion\/","title":{"rendered":"CEREMONIA TITULACI\u00d3N"},"content":{"rendered":"<style type=\"text\/css\"><\/style>\t\t<div data-elementor-type=\"wp-post\" data-elementor-id=\"11087\" class=\"elementor elementor-11087\">\n\t\t\t\t\t\t<section class=\"elementor-section elementor-top-section elementor-element elementor-element-7f1566f4 elementor-section-boxed elementor-section-height-default elementor-section-height-default\" data-id=\"7f1566f4\" data-element_type=\"section\" data-e-type=\"section\">\n\t\t\t\t\t\t<div class=\"elementor-container elementor-column-gap-default\">\n\t\t\t\t\t<div class=\"elementor-column elementor-col-100 elementor-top-column elementor-element elementor-element-39335ebc\" data-id=\"39335ebc\" data-element_type=\"column\" data-e-type=\"column\">\n\t\t\t<div class=\"elementor-widget-wrap elementor-element-populated\">\n\t\t\t\t\t\t<div class=\"elementor-element elementor-element-0356581 elementor-widget elementor-widget-text-editor\" data-id=\"0356581\" data-element_type=\"widget\" data-e-type=\"widget\" data-widget_type=\"text-editor.default\">\n\t\t\t\t<div class=\"elementor-widget-container\">\n\t\t\t\t\t\t\t\t\t<p>El pasado 29 de agosto, la Comunidad del Colegio Alerce celebr\u00f3 los 83 a\u00f1os de la Ense\u00f1anza T\u00e9cnico Profesional en nuestro Pa\u00eds. En esta importante ocasi\u00f3n vivimos la ceremonia de titulaci\u00f3n de 15 j\u00f3venes egresados de nuestras aulas, quienes ejecutaron una exitosa pr\u00e1ctica profesional y obtuvieron el t\u00edtulo de T\u00e9cnico de Nivel Medio en Electricidad. Fueron invitados a la ceremonia autoridades del mundo acad\u00e9mico, militar y empresarios miembros del Consejo Asesor para el Desarrollo Educativo T\u00e9cnico Profesional (CADE TEP).<\/p>\t\t\t\t\t\t\t\t<\/div>\n\t\t\t\t<\/div>\n\t\t\t\t\t<\/div>\n\t\t<\/div>\n\t\t\t\t\t<\/div>\n\t\t<\/section>\n\t\t\t\t<section class=\"elementor-section elementor-top-section elementor-element elementor-element-dfe6c69 elementor-section-boxed elementor-section-height-default elementor-section-height-default\" data-id=\"dfe6c69\" data-element_type=\"section\" data-e-type=\"section\">\n\t\t\t\t\t\t<div class=\"elementor-container elementor-column-gap-default\">\n\t\t\t\t\t<div class=\"elementor-column elementor-col-50 elementor-top-column elementor-element elementor-element-f996a20\" data-id=\"f996a20\" data-element_type=\"column\" data-e-type=\"column\">\n\t\t\t<div class=\"elementor-widget-wrap elementor-element-populated\">\n\t\t\t\t\t\t<div class=\"elementor-element elementor-element-3f34603 elementor-widget elementor-widget-text-editor\" data-id=\"3f34603\" data-element_type=\"widget\" data-e-type=\"widget\" data-widget_type=\"text-editor.default\">\n\t\t\t\t<div class=\"elementor-widget-container\">\n\t\t\t\t\t\t\t\t\t<p>Las fotograf\u00edas tomas gentileza de &#8220;Fotos Franco&#8221;<\/p>\t\t\t\t\t\t\t\t<\/div>\n\t\t\t\t<\/div>\n\t\t\t\t\t<\/div>\n\t\t<\/div>\n\t\t\t\t<div class=\"elementor-column elementor-col-50 elementor-top-column elementor-element elementor-element-ae7c192\" data-id=\"ae7c192\" data-element_type=\"column\" data-e-type=\"column\">\n\t\t\t<div class=\"elementor-widget-wrap elementor-element-populated\">\n\t\t\t\t\t\t<div class=\"elementor-element elementor-element-a9cbbe7 elementor-widget elementor-widget-image\" data-id=\"a9cbbe7\" data-element_type=\"widget\" data-e-type=\"widget\" data-widget_type=\"image.default\">\n\t\t\t\t<div class=\"elementor-widget-container\">\n\t\t\t\t\t\t\t\t\t\t\t\t\t\t\t\t<a href=\"https:\/\/www.coalco.cl\/web\/project\/titulacion2025\/\" target=\"_blank\">\n\t\t\t\t\t\t\t<img decoding=\"async\" width=\"344\" height=\"107\" src=\"https:\/\/www.coalco.cl\/web\/wp-content\/uploads\/2025\/08\/WhatsApp-Image-2025-09-02-at-09.46.18.jpeg\" class=\"attachment-large size-large wp-image-11090\" alt=\"\" srcset=\"https:\/\/www.coalco.cl\/web\/wp-content\/uploads\/2025\/08\/WhatsApp-Image-2025-09-02-at-09.46.18.jpeg 344w, https:\/\/www.coalco.cl\/web\/wp-content\/uploads\/2025\/08\/WhatsApp-Image-2025-09-02-at-09.46.18-300x93.jpeg 300w\" sizes=\"(max-width: 344px) 100vw, 344px\" \/>\t\t\t\t\t\t\t\t<\/a>\n\t\t\t\t\t\t\t\t\t\t\t\t\t\t\t<\/div>\n\t\t\t\t<\/div>\n\t\t\t\t\t<\/div>\n\t\t<\/div>\n\t\t\t\t\t<\/div>\n\t\t<\/section>\n\t\t\t\t<section class=\"elementor-section elementor-top-section elementor-element elementor-element-f6696f4 elementor-section-boxed elementor-section-height-default elementor-section-height-default\" data-id=\"f6696f4\" data-element_type=\"section\" data-e-type=\"section\">\n\t\t\t\t\t\t<div class=\"elementor-container elementor-column-gap-default\">\n\t\t\t\t\t<div class=\"elementor-column elementor-col-100 elementor-top-column elementor-element elementor-element-b01f788\" data-id=\"b01f788\" data-element_type=\"column\" data-e-type=\"column\">\n\t\t\t<div class=\"elementor-widget-wrap\">\n\t\t\t\t\t\t\t<\/div>\n\t\t<\/div>\n\t\t\t\t\t<\/div>\n\t\t<\/section>\n\t\t\t\t<\/div>\n\t\t","protected":false},"excerpt":{"rendered":"<p>El pasado 29 de agosto, la Comunidad del Colegio Alerce celebr\u00f3 los 83 a\u00f1os de la Ense\u00f1anza T\u00e9cnico Profesional en nuestro Pa\u00eds. En esta importante ocasi\u00f3n vivimos la ceremonia de&#8230;<\/p>\n","protected":false},"author":5,"featured_media":11088,"comment_status":"closed","ping_status":"closed","sticky":false,"template":"","format":"standard","meta":{"footnotes":""},"categories":[61],"tags":[],"class_list":["post-11087","post","type-post","status-publish","format-standard","has-post-thumbnail","hentry","category-noticias"],"yoast_head":"<!-- This site is optimized with the Yoast SEO plugin v27.4 - https:\/\/yoast.com\/product\/yoast-seo-wordpress\/ -->\n<title>CEREMONIA TITULACI\u00d3N - Colegio Alerce<\/title>\n<meta name=\"robots\" content=\"index, follow, max-snippet:-1, max-image-preview:large, max-video-preview:-1\" \/>\n<link rel=\"canonical\" href=\"https:\/\/www.coalco.cl\/web\/ceremonia-titulacion\/\" \/>\n<meta property=\"og:locale\" content=\"es_ES\" \/>\n<meta property=\"og:type\" content=\"article\" \/>\n<meta property=\"og:title\" content=\"CEREMONIA TITULACI\u00d3N - Colegio Alerce\" \/>\n<meta property=\"og:description\" content=\"El pasado 29 de agosto, la Comunidad del Colegio Alerce celebr\u00f3 los 83 a\u00f1os de la Ense\u00f1anza T\u00e9cnico Profesional en nuestro Pa\u00eds. En esta importante ocasi\u00f3n vivimos la ceremonia de...\" \/>\n<meta property=\"og:url\" content=\"https:\/\/www.coalco.cl\/web\/ceremonia-titulacion\/\" \/>\n<meta property=\"og:site_name\" content=\"Colegio Alerce\" \/>\n<meta property=\"article:published_time\" content=\"2025-08-29T19:57:08+00:00\" \/>\n<meta property=\"article:modified_time\" content=\"2025-09-03T14:09:45+00:00\" \/>\n<meta property=\"og:image\" content=\"https:\/\/www.coalco.cl\/web\/wp-content\/uploads\/2025\/09\/DSC_3210-scaled-e1756843376569.jpg\" \/>\n\t<meta property=\"og:image:width\" content=\"2480\" \/>\n\t<meta property=\"og:image:height\" content=\"1707\" \/>\n\t<meta property=\"og:image:type\" content=\"image\/jpeg\" \/>\n<meta name=\"author\" content=\"Alfredo\" \/>\n<meta name=\"twitter:card\" content=\"summary_large_image\" \/>\n<meta name=\"twitter:label1\" content=\"Escrito por\" \/>\n\t<meta name=\"twitter:data1\" content=\"Alfredo\" \/>\n\t<meta name=\"twitter:label2\" content=\"Tiempo estimado de lectura\" \/>\n\t<meta name=\"twitter:data2\" content=\"1 minuto\" \/>\n<script type=\"application\/ld+json\" class=\"yoast-schema-graph\">{\"@context\":\"https:\\\/\\\/schema.org\",\"@graph\":[{\"@type\":\"Article\",\"@id\":\"https:\\\/\\\/www.coalco.cl\\\/web\\\/ceremonia-titulacion\\\/#article\",\"isPartOf\":{\"@id\":\"https:\\\/\\\/www.coalco.cl\\\/web\\\/ceremonia-titulacion\\\/\"},\"author\":{\"name\":\"Alfredo\",\"@id\":\"https:\\\/\\\/www.coalco.cl\\\/web\\\/#\\\/schema\\\/person\\\/77326b7d671d5e5bcaebc12c3198d0a8\"},\"headline\":\"CEREMONIA TITULACI\u00d3N\",\"datePublished\":\"2025-08-29T19:57:08+00:00\",\"dateModified\":\"2025-09-03T14:09:45+00:00\",\"mainEntityOfPage\":{\"@id\":\"https:\\\/\\\/www.coalco.cl\\\/web\\\/ceremonia-titulacion\\\/\"},\"wordCount\":99,\"publisher\":{\"@id\":\"https:\\\/\\\/www.coalco.cl\\\/web\\\/#organization\"},\"image\":{\"@id\":\"https:\\\/\\\/www.coalco.cl\\\/web\\\/ceremonia-titulacion\\\/#primaryimage\"},\"thumbnailUrl\":\"https:\\\/\\\/www.coalco.cl\\\/web\\\/wp-content\\\/uploads\\\/2025\\\/09\\\/DSC_3210-scaled-e1756843376569.jpg\",\"articleSection\":[\"Noticias\"],\"inLanguage\":\"es-CL\"},{\"@type\":\"WebPage\",\"@id\":\"https:\\\/\\\/www.coalco.cl\\\/web\\\/ceremonia-titulacion\\\/\",\"url\":\"https:\\\/\\\/www.coalco.cl\\\/web\\\/ceremonia-titulacion\\\/\",\"name\":\"CEREMONIA TITULACI\u00d3N - Colegio Alerce\",\"isPartOf\":{\"@id\":\"https:\\\/\\\/www.coalco.cl\\\/web\\\/#website\"},\"primaryImageOfPage\":{\"@id\":\"https:\\\/\\\/www.coalco.cl\\\/web\\\/ceremonia-titulacion\\\/#primaryimage\"},\"image\":{\"@id\":\"https:\\\/\\\/www.coalco.cl\\\/web\\\/ceremonia-titulacion\\\/#primaryimage\"},\"thumbnailUrl\":\"https:\\\/\\\/www.coalco.cl\\\/web\\\/wp-content\\\/uploads\\\/2025\\\/09\\\/DSC_3210-scaled-e1756843376569.jpg\",\"datePublished\":\"2025-08-29T19:57:08+00:00\",\"dateModified\":\"2025-09-03T14:09:45+00:00\",\"breadcrumb\":{\"@id\":\"https:\\\/\\\/www.coalco.cl\\\/web\\\/ceremonia-titulacion\\\/#breadcrumb\"},\"inLanguage\":\"es-CL\",\"potentialAction\":[{\"@type\":\"ReadAction\",\"target\":[\"https:\\\/\\\/www.coalco.cl\\\/web\\\/ceremonia-titulacion\\\/\"]}]},{\"@type\":\"ImageObject\",\"inLanguage\":\"es-CL\",\"@id\":\"https:\\\/\\\/www.coalco.cl\\\/web\\\/ceremonia-titulacion\\\/#primaryimage\",\"url\":\"https:\\\/\\\/www.coalco.cl\\\/web\\\/wp-content\\\/uploads\\\/2025\\\/09\\\/DSC_3210-scaled-e1756843376569.jpg\",\"contentUrl\":\"https:\\\/\\\/www.coalco.cl\\\/web\\\/wp-content\\\/uploads\\\/2025\\\/09\\\/DSC_3210-scaled-e1756843376569.jpg\",\"width\":2480,\"height\":1707},{\"@type\":\"BreadcrumbList\",\"@id\":\"https:\\\/\\\/www.coalco.cl\\\/web\\\/ceremonia-titulacion\\\/#breadcrumb\",\"itemListElement\":[{\"@type\":\"ListItem\",\"position\":1,\"name\":\"Home\",\"item\":\"https:\\\/\\\/www.coalco.cl\\\/web\\\/\"},{\"@type\":\"ListItem\",\"position\":2,\"name\":\"CEREMONIA TITULACI\u00d3N\"}]},{\"@type\":\"WebSite\",\"@id\":\"https:\\\/\\\/www.coalco.cl\\\/web\\\/#website\",\"url\":\"https:\\\/\\\/www.coalco.cl\\\/web\\\/\",\"name\":\"Colegio Alerce\",\"description\":\"\",\"publisher\":{\"@id\":\"https:\\\/\\\/www.coalco.cl\\\/web\\\/#organization\"},\"inLanguage\":\"es-CL\"},{\"@type\":\"Organization\",\"@id\":\"https:\\\/\\\/www.coalco.cl\\\/web\\\/#organization\",\"name\":\"Colegio Alerce\",\"url\":\"https:\\\/\\\/www.coalco.cl\\\/web\\\/\",\"logo\":{\"@type\":\"ImageObject\",\"inLanguage\":\"es-CL\",\"@id\":\"https:\\\/\\\/www.coalco.cl\\\/web\\\/#\\\/schema\\\/logo\\\/image\\\/\",\"url\":\"https:\\\/\\\/www.coalco.cl\\\/web\\\/wp-content\\\/uploads\\\/2025\\\/12\\\/cropped-cropped-cropped-RETINA.png\",\"contentUrl\":\"https:\\\/\\\/www.coalco.cl\\\/web\\\/wp-content\\\/uploads\\\/2025\\\/12\\\/cropped-cropped-cropped-RETINA.png\",\"width\":512,\"height\":512,\"caption\":\"Colegio Alerce\"},\"image\":{\"@id\":\"https:\\\/\\\/www.coalco.cl\\\/web\\\/#\\\/schema\\\/logo\\\/image\\\/\"}},{\"@type\":\"Person\",\"@id\":\"https:\\\/\\\/www.coalco.cl\\\/web\\\/#\\\/schema\\\/person\\\/77326b7d671d5e5bcaebc12c3198d0a8\",\"name\":\"Alfredo\",\"image\":{\"@type\":\"ImageObject\",\"inLanguage\":\"es-CL\",\"@id\":\"https:\\\/\\\/secure.gravatar.com\\\/avatar\\\/73e2ba3bab88e2af20e7df2e80719c90a6c33e9447c46c38950b2c81956c37c9?s=96&d=mm&r=g\",\"url\":\"https:\\\/\\\/secure.gravatar.com\\\/avatar\\\/73e2ba3bab88e2af20e7df2e80719c90a6c33e9447c46c38950b2c81956c37c9?s=96&d=mm&r=g\",\"contentUrl\":\"https:\\\/\\\/secure.gravatar.com\\\/avatar\\\/73e2ba3bab88e2af20e7df2e80719c90a6c33e9447c46c38950b2c81956c37c9?s=96&d=mm&r=g\",\"caption\":\"Alfredo\"},\"url\":\"https:\\\/\\\/www.coalco.cl\\\/web\\\/author\\\/alfredoadmin\\\/\"}]}<\/script>\n<!-- \/ Yoast SEO plugin. -->","yoast_head_json":{"title":"CEREMONIA TITULACI\u00d3N - Colegio Alerce","robots":{"index":"index","follow":"follow","max-snippet":"max-snippet:-1","max-image-preview":"max-image-preview:large","max-video-preview":"max-video-preview:-1"},"canonical":"https:\/\/www.coalco.cl\/web\/ceremonia-titulacion\/","og_locale":"es_ES","og_type":"article","og_title":"CEREMONIA TITULACI\u00d3N - Colegio Alerce","og_description":"El pasado 29 de agosto, la Comunidad del Colegio Alerce celebr\u00f3 los 83 a\u00f1os de la Ense\u00f1anza T\u00e9cnico Profesional en nuestro Pa\u00eds. En esta importante ocasi\u00f3n vivimos la ceremonia de...","og_url":"https:\/\/www.coalco.cl\/web\/ceremonia-titulacion\/","og_site_name":"Colegio Alerce","article_published_time":"2025-08-29T19:57:08+00:00","article_modified_time":"2025-09-03T14:09:45+00:00","og_image":[{"width":2480,"height":1707,"url":"https:\/\/www.coalco.cl\/web\/wp-content\/uploads\/2025\/09\/DSC_3210-scaled-e1756843376569.jpg","type":"image\/jpeg"}],"author":"Alfredo","twitter_card":"summary_large_image","twitter_misc":{"Escrito por":"Alfredo","Tiempo estimado de lectura":"1 minuto"},"schema":{"@context":"https:\/\/schema.org","@graph":[{"@type":"Article","@id":"https:\/\/www.coalco.cl\/web\/ceremonia-titulacion\/#article","isPartOf":{"@id":"https:\/\/www.coalco.cl\/web\/ceremonia-titulacion\/"},"author":{"name":"Alfredo","@id":"https:\/\/www.coalco.cl\/web\/#\/schema\/person\/77326b7d671d5e5bcaebc12c3198d0a8"},"headline":"CEREMONIA TITULACI\u00d3N","datePublished":"2025-08-29T19:57:08+00:00","dateModified":"2025-09-03T14:09:45+00:00","mainEntityOfPage":{"@id":"https:\/\/www.coalco.cl\/web\/ceremonia-titulacion\/"},"wordCount":99,"publisher":{"@id":"https:\/\/www.coalco.cl\/web\/#organization"},"image":{"@id":"https:\/\/www.coalco.cl\/web\/ceremonia-titulacion\/#primaryimage"},"thumbnailUrl":"https:\/\/www.coalco.cl\/web\/wp-content\/uploads\/2025\/09\/DSC_3210-scaled-e1756843376569.jpg","articleSection":["Noticias"],"inLanguage":"es-CL"},{"@type":"WebPage","@id":"https:\/\/www.coalco.cl\/web\/ceremonia-titulacion\/","url":"https:\/\/www.coalco.cl\/web\/ceremonia-titulacion\/","name":"CEREMONIA TITULACI\u00d3N - Colegio Alerce","isPartOf":{"@id":"https:\/\/www.coalco.cl\/web\/#website"},"primaryImageOfPage":{"@id":"https:\/\/www.coalco.cl\/web\/ceremonia-titulacion\/#primaryimage"},"image":{"@id":"https:\/\/www.coalco.cl\/web\/ceremonia-titulacion\/#primaryimage"},"thumbnailUrl":"https:\/\/www.coalco.cl\/web\/wp-content\/uploads\/2025\/09\/DSC_3210-scaled-e1756843376569.jpg","datePublished":"2025-08-29T19:57:08+00:00","dateModified":"2025-09-03T14:09:45+00:00","breadcrumb":{"@id":"https:\/\/www.coalco.cl\/web\/ceremonia-titulacion\/#breadcrumb"},"inLanguage":"es-CL","potentialAction":[{"@type":"ReadAction","target":["https:\/\/www.coalco.cl\/web\/ceremonia-titulacion\/"]}]},{"@type":"ImageObject","inLanguage":"es-CL","@id":"https:\/\/www.coalco.cl\/web\/ceremonia-titulacion\/#primaryimage","url":"https:\/\/www.coalco.cl\/web\/wp-content\/uploads\/2025\/09\/DSC_3210-scaled-e1756843376569.jpg","contentUrl":"https:\/\/www.coalco.cl\/web\/wp-content\/uploads\/2025\/09\/DSC_3210-scaled-e1756843376569.jpg","width":2480,"height":1707},{"@type":"BreadcrumbList","@id":"https:\/\/www.coalco.cl\/web\/ceremonia-titulacion\/#breadcrumb","itemListElement":[{"@type":"ListItem","position":1,"name":"Home","item":"https:\/\/www.coalco.cl\/web\/"},{"@type":"ListItem","position":2,"name":"CEREMONIA TITULACI\u00d3N"}]},{"@type":"WebSite","@id":"https:\/\/www.coalco.cl\/web\/#website","url":"https:\/\/www.coalco.cl\/web\/","name":"Colegio Alerce","description":"","publisher":{"@id":"https:\/\/www.coalco.cl\/web\/#organization"},"inLanguage":"es-CL"},{"@type":"Organization","@id":"https:\/\/www.coalco.cl\/web\/#organization","name":"Colegio Alerce","url":"https:\/\/www.coalco.cl\/web\/","logo":{"@type":"ImageObject","inLanguage":"es-CL","@id":"https:\/\/www.coalco.cl\/web\/#\/schema\/logo\/image\/","url":"https:\/\/www.coalco.cl\/web\/wp-content\/uploads\/2025\/12\/cropped-cropped-cropped-RETINA.png","contentUrl":"https:\/\/www.coalco.cl\/web\/wp-content\/uploads\/2025\/12\/cropped-cropped-cropped-RETINA.png","width":512,"height":512,"caption":"Colegio Alerce"},"image":{"@id":"https:\/\/www.coalco.cl\/web\/#\/schema\/logo\/image\/"}},{"@type":"Person","@id":"https:\/\/www.coalco.cl\/web\/#\/schema\/person\/77326b7d671d5e5bcaebc12c3198d0a8","name":"Alfredo","image":{"@type":"ImageObject","inLanguage":"es-CL","@id":"https:\/\/secure.gravatar.com\/avatar\/73e2ba3bab88e2af20e7df2e80719c90a6c33e9447c46c38950b2c81956c37c9?s=96&d=mm&r=g","url":"https:\/\/secure.gravatar.com\/avatar\/73e2ba3bab88e2af20e7df2e80719c90a6c33e9447c46c38950b2c81956c37c9?s=96&d=mm&r=g","contentUrl":"https:\/\/secure.gravatar.com\/avatar\/73e2ba3bab88e2af20e7df2e80719c90a6c33e9447c46c38950b2c81956c37c9?s=96&d=mm&r=g","caption":"Alfredo"},"url":"https:\/\/www.coalco.cl\/web\/author\/alfredoadmin\/"}]}},"_links":{"self":[{"href":"https:\/\/www.coalco.cl\/web\/wp-json\/wp\/v2\/posts\/11087","targetHints":{"allow":["GET"]}}],"collection":[{"href":"https:\/\/www.coalco.cl\/web\/wp-json\/wp\/v2\/posts"}],"about":[{"href":"https:\/\/www.coalco.cl\/web\/wp-json\/wp\/v2\/types\/post"}],"author":[{"embeddable":true,"href":"https:\/\/www.coalco.cl\/web\/wp-json\/wp\/v2\/users\/5"}],"replies":[{"embeddable":true,"href":"https:\/\/www.coalco.cl\/web\/wp-json\/wp\/v2\/comments?post=11087"}],"version-history":[{"count":10,"href":"https:\/\/www.coalco.cl\/web\/wp-json\/wp\/v2\/posts\/11087\/revisions"}],"predecessor-version":[{"id":11143,"href":"https:\/\/www.coalco.cl\/web\/wp-json\/wp\/v2\/posts\/11087\/revisions\/11143"}],"wp:featuredmedia":[{"embeddable":true,"href":"https:\/\/www.coalco.cl\/web\/wp-json\/wp\/v2\/media\/11088"}],"wp:attachment":[{"href":"https:\/\/www.coalco.cl\/web\/wp-json\/wp\/v2\/media?parent=11087"}],"wp:term":[{"taxonomy":"category","embeddable":true,"href":"https:\/\/www.coalco.cl\/web\/wp-json\/wp\/v2\/categories?post=11087"},{"taxonomy":"post_tag","embeddable":true,"href":"https:\/\/www.coalco.cl\/web\/wp-json\/wp\/v2\/tags?post=11087"}],"curies":[{"name":"wp","href":"https:\/\/api.w.org\/{rel}","templated":true}]}}